{"id":12207,"date":"2023-03-15T08:00:00","date_gmt":"2023-03-15T07:00:00","guid":{"rendered":"https:\/\/cleura.com\/?p=12207"},"modified":"2024-02-27T09:37:01","modified_gmt":"2024-02-27T08:37:01","slug":"cleura-starker-upp-med-radgivning-inom-regelefterlevnad-i-molnet","status":"publish","type":"post","link":"https:\/\/cleura.com\/sv\/pressmeddelanden\/cleura-starker-upp-med-radgivning-inom-regelefterlevnad-i-molnet\/","title":{"rendered":"Cleura st\u00e4rker upp med r\u00e5dgivning inom regelefterlevnad i molnet"},"content":{"rendered":"\n<p>Det europeiska molnf\u00f6retaget Cleura meddelar idag att Arman Borghem ansluter till bolaget d\u00e4r han f\u00e5r en roll som strateg och r\u00e5dgivare inom regelefterlevnad i molnet. Arman kommer till Cleura fr\u00e5n Skatteverket d\u00e4r han verkat i den tv\u00e4rfunktionella molngrupp som arbetar med r\u00e5dgivning i molnfr\u00e5gor f\u00f6r myndigheten.<\/p>\n\n\n\n<blockquote class=\"wp-block-quote is-layout-flow wp-block-quote-is-layout-flow\">\n<p><em>\u201dJag \u00e4r v\u00e4ldigt glad \u00f6ver att ansluta till Cleura som \u00e4r en lyh\u00f6rd, innovativ ledare p\u00e5 den europeiska marknaden f\u00f6r molntj\u00e4nster. Bolaget har l\u00e4nge visat att det g\u00e5r att s\u00e4tta ett likhetstecken mellan molntj\u00e4nster och regelefterlevnad\u201d<\/em><\/p>\n<cite><a href=\"https:\/\/www.linkedin.com\/in\/armanborghem\/\" target=\"_blank\" rel=\"noreferrer noopener\">Arman Borghem<\/a><\/cite><\/blockquote>\n\n\n\n<p>Arman ber\u00e4ttar vidare om den utmaning som m\u00e5nga myndigheter och f\u00f6retag st\u00e5r inf\u00f6r idag med alltmer komplex teknik och juridik. Samtidigt har behovet av molntj\u00e4nster f\u00f6r att maximera dataanv\u00e4ndningen och digitaliseringens m\u00f6jligheter, aldrig varit st\u00f6rre.&nbsp;<\/p>\n\n\n\n<blockquote class=\"wp-block-quote is-layout-flow wp-block-quote-is-layout-flow\">\n<p><em>\u201dP\u00e5 Cleura kommer jag bidra till att g\u00f6ra digitaliseringsjuridiken begriplig och f\u00e5 fler att f\u00e5 upp \u00f6gonen f\u00f6r molntj\u00e4nster som \u00e4r b\u00e5de r\u00e4ttsligt h\u00e5llbara och ligger i framkant rent funktionellt . En viktig aspekt handlar givetvis om r\u00e4tten till privatliv och skydd av v\u00e5ra personuppgifter. En annan handlar om att organisationer beh\u00e5ller kontrollen \u00f6ver sin information. Dessa grundbultar f\u00f6r en h\u00e5llbar digitalisering g\u00e5r att kombinera med moderna molntj\u00e4nster, vilket Cleura l\u00e4nge visat.\u201d<\/em><\/p>\n<cite><a href=\"https:\/\/www.linkedin.com\/in\/armanborghem\/\" target=\"_blank\" rel=\"noreferrer noopener\">Arman Borghem<\/a><\/cite><\/blockquote>\n\n\n\n<p>I grunden har Arman en juristexamen fr\u00e5n Stockholms universitet d\u00e4r han specialiserat sig inom it-r\u00e4tt och offentlig upphandling. Innan Skatteverket arbetade Arman som it-upphandlare p\u00e5 Statens ink\u00f6pscentral, en del av Kammarkollegiet.<\/p>\n\n\n\n<blockquote class=\"wp-block-quote is-layout-flow wp-block-quote-is-layout-flow\">\n<p><em>\u201dVi \u00e4r mycket glada \u00f6ver att v\u00e4lkomna Arman till Cleura. Genom hans erfarenhet fr\u00e5n molnfr\u00e5gan inom offentlig sektor kommer han att bist\u00e5 med mycket v\u00e4rdefull kunskap till Cleura b\u00e5de internt och \u00e5t v\u00e5ra kunder\u201d<\/em><\/p>\n<cite><a href=\"https:\/\/www.linkedin.com\/in\/jimjohansson\/\" target=\"_blank\" rel=\"noreferrer noopener\">Jim johansson<\/a>, VD f\u00f6r Cleura<\/cite><\/blockquote>\n\n\n\n<h2 class=\"wp-block-heading\" id=\"h-om-cleura\"><strong>Om Cleura<\/strong><\/h2>\n\n\n\n<p>Cleura, det europeiska molnet, erbjuder digitala infrastrukturtj\u00e4nster med full automation f\u00f6r organisationer som vill kunna innovera utan att tumma p\u00e5 dataskyddet. Genom att leverera s\u00e4ker digital infrastruktur byggd p\u00e5 \u00f6ppen k\u00e4llkod och med inbyggd regelefterlevnad, erbjuder Cleura en h\u00e5llbar plattform f\u00f6r innovation och ger samtidigt anv\u00e4ndarna kontroll \u00f6ver sin data. Cleura \u00e4r en del av Iver och har sitt huvudkontor i Sverige. F\u00f6retagets molntj\u00e4nster \u00e4r tillg\u00e4ngliga \u00f6ver hela v\u00e4rlden.<\/p>\n\n\n\n<p>F\u00f6r mer information, bes\u00f6k g\u00e4rna\u00a0<a href=\"https:\/\/www.cleura.com\/\" target=\"_blank\" rel=\"noreferrer noopener\">cleura.com<\/a>.<\/p>\n\n\n\n<h3 class=\"wp-block-heading\"><strong>F\u00f6r mer information, v\u00e4nligen kontakta<\/strong><\/h3>\n\n\n\n<p>Arman Borghem<br><a href=\"mailto:arman.borghem@cleura.com\">arman.borghem@cleura.com<\/a><\/p>\n\n\n\n<p>Jim Johansson, vd, Cleura<br>+46 70 912 12 00<br><a href=\"mailto:johan.christenson@cleura.com\">jim.johansson@cleura.com<\/a><\/p>\n","protected":false},"excerpt":{"rendered":"<p>Det europeiska molnf\u00f6retaget Cleura meddelar idag att Arman Borghem ansluter till bolaget d\u00e4r han f\u00e5r en roll som strateg och r\u00e5dgivare inom regelefterlevnad i molnet. Arman kommer till Cleura fr\u00e5n Skatteverket d\u00e4r han verkat i den tv\u00e4rfunktionella molngrupp som arbetar med r\u00e5dgivning i molnfr\u00e5gor f\u00f6r myndigheten. \u201dJag \u00e4r v\u00e4ldigt glad \u00f6ver att ansluta till Cleura som \u00e4r en lyh\u00f6rd, innovativ &#8230; <\/p>\n<div><a href=\"https:\/\/cleura.com\/sv\/pressmeddelanden\/cleura-starker-upp-med-radgivning-inom-regelefterlevnad-i-molnet\/\" class=\"more-link\">Read More<\/a><\/div>\n","protected":false},"author":3,"featured_media":12199,"comment_status":"closed","ping_status":"open","sticky":false,"template":"","format":"standard","meta":{"footnotes":""},"categories":[386],"tags":[594,602,402],"class_list":["post-12207","post","type-post","status-publish","format-standard","has-post-thumbnail","hentry","category-pressmeddelanden","tag-arman-borghem","tag-radgivning","tag-regelefterlevnad"],"yoast_head":"<!-- This site is optimized with the Yoast SEO Premium plugin v27.3 (Yoast SEO v27.3) - https:\/\/yoast.com\/product\/yoast-seo-premium-wordpress\/ -->\n<title>Cleura st\u00e4rker upp med r\u00e5dgivning inom regelefterlevnad i molnet<\/title>\n<meta name=\"description\" content=\"Cleura v\u00e4lkomnar Arman Borghem som st\u00e4rker upp f\u00f6retagets kundupplevelse som strateg och r\u00e5dgivare inom regelefterlevnad i molnet.\" \/>\n<meta name=\"robots\" content=\"index, follow, max-snippet:-1, max-image-preview:large, max-video-preview:-1\" \/>\n<link rel=\"canonical\" href=\"https:\/\/cleura.com\/sv\/pressmeddelanden\/cleura-starker-upp-med-radgivning-inom-regelefterlevnad-i-molnet\/\" \/>\n<meta property=\"og:locale\" content=\"sv_SE\" \/>\n<meta property=\"og:type\" content=\"article\" \/>\n<meta property=\"og:title\" content=\"Cleura st\u00e4rker upp med r\u00e5dgivning inom regelefterlevnad i molnet\" \/>\n<meta property=\"og:description\" content=\"Cleura v\u00e4lkomnar Arman Borghem som st\u00e4rker upp f\u00f6retagets kundupplevelse som strateg och r\u00e5dgivare inom regelefterlevnad i molnet.\" \/>\n<meta property=\"og:url\" content=\"https:\/\/cleura.com\/sv\/pressmeddelanden\/cleura-starker-upp-med-radgivning-inom-regelefterlevnad-i-molnet\/\" \/>\n<meta property=\"og:site_name\" content=\"Cleura\" \/>\n<meta property=\"article:publisher\" content=\"https:\/\/www.facebook.com\/CleuraCloud\" \/>\n<meta property=\"article:author\" content=\"https:\/\/facebook.com\/cleuracloud\" \/>\n<meta property=\"article:published_time\" content=\"2023-03-15T07:00:00+00:00\" \/>\n<meta property=\"article:modified_time\" content=\"2024-02-27T08:37:01+00:00\" \/>\n<meta property=\"og:image\" content=\"https:\/\/cleura.com\/wp-content\/uploads\/2023\/03\/Arman-Borghem-IMG_0598-scaled-e1678789184597.jpg\" \/>\n\t<meta property=\"og:image:width\" content=\"2560\" \/>\n\t<meta property=\"og:image:height\" content=\"1707\" \/>\n\t<meta property=\"og:image:type\" content=\"image\/jpeg\" \/>\n<meta name=\"author\" content=\"Cleura\" \/>\n<meta name=\"twitter:card\" content=\"summary_large_image\" \/>\n<meta name=\"twitter:creator\" content=\"@CleuraCloud\" \/>\n<meta name=\"twitter:site\" content=\"@cleuracloud\" \/>\n<meta name=\"twitter:label1\" content=\"Skriven av\" \/>\n\t<meta name=\"twitter:data1\" content=\"Cleura\" \/>\n\t<meta name=\"twitter:label2\" content=\"Ber\u00e4knad l\u00e4stid\" \/>\n\t<meta name=\"twitter:data2\" content=\"2 minuter\" \/>\n<script type=\"application\/ld+json\" class=\"yoast-schema-graph\">{\"@context\":\"https:\\\/\\\/schema.org\",\"@graph\":[{\"@type\":\"NewsArticle\",\"@id\":\"https:\\\/\\\/cleura.com\\\/sv\\\/pressmeddelanden\\\/cleura-starker-upp-med-radgivning-inom-regelefterlevnad-i-molnet\\\/#article\",\"isPartOf\":{\"@id\":\"https:\\\/\\\/cleura.com\\\/sv\\\/pressmeddelanden\\\/cleura-starker-upp-med-radgivning-inom-regelefterlevnad-i-molnet\\\/\"},\"author\":{\"name\":\"Cleura\",\"@id\":\"https:\\\/\\\/cleura.com\\\/sv\\\/#\\\/schema\\\/person\\\/c02ccda0378455814e140519eb26e4fb\"},\"headline\":\"Cleura st\u00e4rker upp med r\u00e5dgivning inom regelefterlevnad i molnet\",\"datePublished\":\"2023-03-15T07:00:00+00:00\",\"dateModified\":\"2024-02-27T08:37:01+00:00\",\"mainEntityOfPage\":{\"@id\":\"https:\\\/\\\/cleura.com\\\/sv\\\/pressmeddelanden\\\/cleura-starker-upp-med-radgivning-inom-regelefterlevnad-i-molnet\\\/\"},\"wordCount\":440,\"publisher\":{\"@id\":\"https:\\\/\\\/cleura.com\\\/sv\\\/#organization\"},\"image\":{\"@id\":\"https:\\\/\\\/cleura.com\\\/sv\\\/pressmeddelanden\\\/cleura-starker-upp-med-radgivning-inom-regelefterlevnad-i-molnet\\\/#primaryimage\"},\"thumbnailUrl\":\"https:\\\/\\\/cleura.com\\\/wp-content\\\/uploads\\\/2023\\\/03\\\/Arman-Borghem-IMG_0598-scaled-e1678789184597.jpg\",\"keywords\":[\"Arman Borghem\",\"R\u00e5dgivning\",\"Regelefterlevnad\"],\"articleSection\":[\"Pressmeddelanden\"],\"inLanguage\":\"sv-SE\"},{\"@type\":\"WebPage\",\"@id\":\"https:\\\/\\\/cleura.com\\\/sv\\\/pressmeddelanden\\\/cleura-starker-upp-med-radgivning-inom-regelefterlevnad-i-molnet\\\/\",\"url\":\"https:\\\/\\\/cleura.com\\\/sv\\\/pressmeddelanden\\\/cleura-starker-upp-med-radgivning-inom-regelefterlevnad-i-molnet\\\/\",\"name\":\"Cleura st\u00e4rker upp med r\u00e5dgivning inom regelefterlevnad i molnet\",\"isPartOf\":{\"@id\":\"https:\\\/\\\/cleura.com\\\/sv\\\/#website\"},\"primaryImageOfPage\":{\"@id\":\"https:\\\/\\\/cleura.com\\\/sv\\\/pressmeddelanden\\\/cleura-starker-upp-med-radgivning-inom-regelefterlevnad-i-molnet\\\/#primaryimage\"},\"image\":{\"@id\":\"https:\\\/\\\/cleura.com\\\/sv\\\/pressmeddelanden\\\/cleura-starker-upp-med-radgivning-inom-regelefterlevnad-i-molnet\\\/#primaryimage\"},\"thumbnailUrl\":\"https:\\\/\\\/cleura.com\\\/wp-content\\\/uploads\\\/2023\\\/03\\\/Arman-Borghem-IMG_0598-scaled-e1678789184597.jpg\",\"datePublished\":\"2023-03-15T07:00:00+00:00\",\"dateModified\":\"2024-02-27T08:37:01+00:00\",\"description\":\"Cleura v\u00e4lkomnar Arman Borghem som st\u00e4rker upp f\u00f6retagets kundupplevelse som strateg och r\u00e5dgivare inom regelefterlevnad i molnet.\",\"breadcrumb\":{\"@id\":\"https:\\\/\\\/cleura.com\\\/sv\\\/pressmeddelanden\\\/cleura-starker-upp-med-radgivning-inom-regelefterlevnad-i-molnet\\\/#breadcrumb\"},\"inLanguage\":\"sv-SE\",\"potentialAction\":[{\"@type\":\"ReadAction\",\"target\":[\"https:\\\/\\\/cleura.com\\\/sv\\\/pressmeddelanden\\\/cleura-starker-upp-med-radgivning-inom-regelefterlevnad-i-molnet\\\/\"]}]},{\"@type\":\"ImageObject\",\"inLanguage\":\"sv-SE\",\"@id\":\"https:\\\/\\\/cleura.com\\\/sv\\\/pressmeddelanden\\\/cleura-starker-upp-med-radgivning-inom-regelefterlevnad-i-molnet\\\/#primaryimage\",\"url\":\"https:\\\/\\\/cleura.com\\\/wp-content\\\/uploads\\\/2023\\\/03\\\/Arman-Borghem-IMG_0598-scaled-e1678789184597.jpg\",\"contentUrl\":\"https:\\\/\\\/cleura.com\\\/wp-content\\\/uploads\\\/2023\\\/03\\\/Arman-Borghem-IMG_0598-scaled-e1678789184597.jpg\",\"width\":2560,\"height\":1707,\"caption\":\"Arman Borghem\"},{\"@type\":\"BreadcrumbList\",\"@id\":\"https:\\\/\\\/cleura.com\\\/sv\\\/pressmeddelanden\\\/cleura-starker-upp-med-radgivning-inom-regelefterlevnad-i-molnet\\\/#breadcrumb\",\"itemListElement\":[{\"@type\":\"ListItem\",\"position\":1,\"name\":\"Hem\",\"item\":\"https:\\\/\\\/cleura.com\\\/sv\\\/cleura-det-europeiska-molnet\\\/\"},{\"@type\":\"ListItem\",\"position\":2,\"name\":\"Cleura st\u00e4rker upp med r\u00e5dgivning inom regelefterlevnad i molnet\"}]},{\"@type\":\"WebSite\",\"@id\":\"https:\\\/\\\/cleura.com\\\/sv\\\/#website\",\"url\":\"https:\\\/\\\/cleura.com\\\/sv\\\/\",\"name\":\"Cleura\",\"description\":\"Freedom to innovate\",\"publisher\":{\"@id\":\"https:\\\/\\\/cleura.com\\\/sv\\\/#organization\"},\"potentialAction\":[{\"@type\":\"SearchAction\",\"target\":{\"@type\":\"EntryPoint\",\"urlTemplate\":\"https:\\\/\\\/cleura.com\\\/sv\\\/?s={search_term_string}\"},\"query-input\":{\"@type\":\"PropertyValueSpecification\",\"valueRequired\":true,\"valueName\":\"search_term_string\"}}],\"inLanguage\":\"sv-SE\"},{\"@type\":\"Organization\",\"@id\":\"https:\\\/\\\/cleura.com\\\/sv\\\/#organization\",\"name\":\"Cleura\",\"url\":\"https:\\\/\\\/cleura.com\\\/sv\\\/\",\"logo\":{\"@type\":\"ImageObject\",\"inLanguage\":\"sv-SE\",\"@id\":\"https:\\\/\\\/cleura.com\\\/sv\\\/#\\\/schema\\\/logo\\\/image\\\/\",\"url\":\"https:\\\/\\\/cleura.com\\\/wp-content\\\/uploads\\\/2022\\\/04\\\/Cleura-Logotyp-Svart.png\",\"contentUrl\":\"https:\\\/\\\/cleura.com\\\/wp-content\\\/uploads\\\/2022\\\/04\\\/Cleura-Logotyp-Svart.png\",\"width\":1000,\"height\":237,\"caption\":\"Cleura\"},\"image\":{\"@id\":\"https:\\\/\\\/cleura.com\\\/sv\\\/#\\\/schema\\\/logo\\\/image\\\/\"},\"sameAs\":[\"https:\\\/\\\/www.facebook.com\\\/CleuraCloud\",\"https:\\\/\\\/x.com\\\/cleuracloud\",\"https:\\\/\\\/www.linkedin.com\\\/company\\\/cleura\",\"https:\\\/\\\/www.youtube.com\\\/c\\\/Cleura\"]},{\"@type\":\"Person\",\"@id\":\"https:\\\/\\\/cleura.com\\\/sv\\\/#\\\/schema\\\/person\\\/c02ccda0378455814e140519eb26e4fb\",\"name\":\"Cleura\",\"image\":{\"@type\":\"ImageObject\",\"inLanguage\":\"sv-SE\",\"@id\":\"https:\\\/\\\/secure.gravatar.com\\\/avatar\\\/b643d8e0c7f8c9cf15e9192d7d3cbca191e67ccdf72dcd8ea29f4eb330b108e2?s=96&d=mm&r=g\",\"url\":\"https:\\\/\\\/secure.gravatar.com\\\/avatar\\\/b643d8e0c7f8c9cf15e9192d7d3cbca191e67ccdf72dcd8ea29f4eb330b108e2?s=96&d=mm&r=g\",\"contentUrl\":\"https:\\\/\\\/secure.gravatar.com\\\/avatar\\\/b643d8e0c7f8c9cf15e9192d7d3cbca191e67ccdf72dcd8ea29f4eb330b108e2?s=96&d=mm&r=g\",\"caption\":\"Cleura\"},\"description\":\"Cleura is the European cloud, offering fully automated digital infrastructure services for companies that want to innovate without sacrificing data privacy. By delivering compliant and secure infrastructure technology built on open-source, Cleura provides organizations with a sustainable foundation for innovation with complete control over their data. As a part of Iver, Cleura is headquartered in Sweden with cloud zones across the world. Cleura is an Iver company.\",\"sameAs\":[\"https:\\\/\\\/cleura.com\",\"https:\\\/\\\/facebook.com\\\/cleuracloud\",\"https:\\\/\\\/www.linkedin.com\\\/company\\\/cleura\\\/\",\"https:\\\/\\\/x.com\\\/CleuraCloud\",\"https:\\\/\\\/www.youtube.com\\\/c\\\/Cleura\"]}]}<\/script>\n<!-- \/ Yoast SEO Premium plugin. -->","yoast_head_json":{"title":"Cleura st\u00e4rker upp med r\u00e5dgivning inom regelefterlevnad i molnet","description":"Cleura v\u00e4lkomnar Arman Borghem som st\u00e4rker upp f\u00f6retagets kundupplevelse som strateg och r\u00e5dgivare inom regelefterlevnad i molnet.","robots":{"index":"index","follow":"follow","max-snippet":"max-snippet:-1","max-image-preview":"max-image-preview:large","max-video-preview":"max-video-preview:-1"},"canonical":"https:\/\/cleura.com\/sv\/pressmeddelanden\/cleura-starker-upp-med-radgivning-inom-regelefterlevnad-i-molnet\/","og_locale":"sv_SE","og_type":"article","og_title":"Cleura st\u00e4rker upp med r\u00e5dgivning inom regelefterlevnad i molnet","og_description":"Cleura v\u00e4lkomnar Arman Borghem som st\u00e4rker upp f\u00f6retagets kundupplevelse som strateg och r\u00e5dgivare inom regelefterlevnad i molnet.","og_url":"https:\/\/cleura.com\/sv\/pressmeddelanden\/cleura-starker-upp-med-radgivning-inom-regelefterlevnad-i-molnet\/","og_site_name":"Cleura","article_publisher":"https:\/\/www.facebook.com\/CleuraCloud","article_author":"https:\/\/facebook.com\/cleuracloud","article_published_time":"2023-03-15T07:00:00+00:00","article_modified_time":"2024-02-27T08:37:01+00:00","og_image":[{"width":2560,"height":1707,"url":"https:\/\/cleura.com\/wp-content\/uploads\/2023\/03\/Arman-Borghem-IMG_0598-scaled-e1678789184597.jpg","type":"image\/jpeg"}],"author":"Cleura","twitter_card":"summary_large_image","twitter_creator":"@CleuraCloud","twitter_site":"@cleuracloud","twitter_misc":{"Skriven av":"Cleura","Ber\u00e4knad l\u00e4stid":"2 minuter"},"schema":{"@context":"https:\/\/schema.org","@graph":[{"@type":"NewsArticle","@id":"https:\/\/cleura.com\/sv\/pressmeddelanden\/cleura-starker-upp-med-radgivning-inom-regelefterlevnad-i-molnet\/#article","isPartOf":{"@id":"https:\/\/cleura.com\/sv\/pressmeddelanden\/cleura-starker-upp-med-radgivning-inom-regelefterlevnad-i-molnet\/"},"author":{"name":"Cleura","@id":"https:\/\/cleura.com\/sv\/#\/schema\/person\/c02ccda0378455814e140519eb26e4fb"},"headline":"Cleura st\u00e4rker upp med r\u00e5dgivning inom regelefterlevnad i molnet","datePublished":"2023-03-15T07:00:00+00:00","dateModified":"2024-02-27T08:37:01+00:00","mainEntityOfPage":{"@id":"https:\/\/cleura.com\/sv\/pressmeddelanden\/cleura-starker-upp-med-radgivning-inom-regelefterlevnad-i-molnet\/"},"wordCount":440,"publisher":{"@id":"https:\/\/cleura.com\/sv\/#organization"},"image":{"@id":"https:\/\/cleura.com\/sv\/pressmeddelanden\/cleura-starker-upp-med-radgivning-inom-regelefterlevnad-i-molnet\/#primaryimage"},"thumbnailUrl":"https:\/\/cleura.com\/wp-content\/uploads\/2023\/03\/Arman-Borghem-IMG_0598-scaled-e1678789184597.jpg","keywords":["Arman Borghem","R\u00e5dgivning","Regelefterlevnad"],"articleSection":["Pressmeddelanden"],"inLanguage":"sv-SE"},{"@type":"WebPage","@id":"https:\/\/cleura.com\/sv\/pressmeddelanden\/cleura-starker-upp-med-radgivning-inom-regelefterlevnad-i-molnet\/","url":"https:\/\/cleura.com\/sv\/pressmeddelanden\/cleura-starker-upp-med-radgivning-inom-regelefterlevnad-i-molnet\/","name":"Cleura st\u00e4rker upp med r\u00e5dgivning inom regelefterlevnad i molnet","isPartOf":{"@id":"https:\/\/cleura.com\/sv\/#website"},"primaryImageOfPage":{"@id":"https:\/\/cleura.com\/sv\/pressmeddelanden\/cleura-starker-upp-med-radgivning-inom-regelefterlevnad-i-molnet\/#primaryimage"},"image":{"@id":"https:\/\/cleura.com\/sv\/pressmeddelanden\/cleura-starker-upp-med-radgivning-inom-regelefterlevnad-i-molnet\/#primaryimage"},"thumbnailUrl":"https:\/\/cleura.com\/wp-content\/uploads\/2023\/03\/Arman-Borghem-IMG_0598-scaled-e1678789184597.jpg","datePublished":"2023-03-15T07:00:00+00:00","dateModified":"2024-02-27T08:37:01+00:00","description":"Cleura v\u00e4lkomnar Arman Borghem som st\u00e4rker upp f\u00f6retagets kundupplevelse som strateg och r\u00e5dgivare inom regelefterlevnad i molnet.","breadcrumb":{"@id":"https:\/\/cleura.com\/sv\/pressmeddelanden\/cleura-starker-upp-med-radgivning-inom-regelefterlevnad-i-molnet\/#breadcrumb"},"inLanguage":"sv-SE","potentialAction":[{"@type":"ReadAction","target":["https:\/\/cleura.com\/sv\/pressmeddelanden\/cleura-starker-upp-med-radgivning-inom-regelefterlevnad-i-molnet\/"]}]},{"@type":"ImageObject","inLanguage":"sv-SE","@id":"https:\/\/cleura.com\/sv\/pressmeddelanden\/cleura-starker-upp-med-radgivning-inom-regelefterlevnad-i-molnet\/#primaryimage","url":"https:\/\/cleura.com\/wp-content\/uploads\/2023\/03\/Arman-Borghem-IMG_0598-scaled-e1678789184597.jpg","contentUrl":"https:\/\/cleura.com\/wp-content\/uploads\/2023\/03\/Arman-Borghem-IMG_0598-scaled-e1678789184597.jpg","width":2560,"height":1707,"caption":"Arman Borghem"},{"@type":"BreadcrumbList","@id":"https:\/\/cleura.com\/sv\/pressmeddelanden\/cleura-starker-upp-med-radgivning-inom-regelefterlevnad-i-molnet\/#breadcrumb","itemListElement":[{"@type":"ListItem","position":1,"name":"Hem","item":"https:\/\/cleura.com\/sv\/cleura-det-europeiska-molnet\/"},{"@type":"ListItem","position":2,"name":"Cleura st\u00e4rker upp med r\u00e5dgivning inom regelefterlevnad i molnet"}]},{"@type":"WebSite","@id":"https:\/\/cleura.com\/sv\/#website","url":"https:\/\/cleura.com\/sv\/","name":"Cleura","description":"Freedom to innovate","publisher":{"@id":"https:\/\/cleura.com\/sv\/#organization"},"potentialAction":[{"@type":"SearchAction","target":{"@type":"EntryPoint","urlTemplate":"https:\/\/cleura.com\/sv\/?s={search_term_string}"},"query-input":{"@type":"PropertyValueSpecification","valueRequired":true,"valueName":"search_term_string"}}],"inLanguage":"sv-SE"},{"@type":"Organization","@id":"https:\/\/cleura.com\/sv\/#organization","name":"Cleura","url":"https:\/\/cleura.com\/sv\/","logo":{"@type":"ImageObject","inLanguage":"sv-SE","@id":"https:\/\/cleura.com\/sv\/#\/schema\/logo\/image\/","url":"https:\/\/cleura.com\/wp-content\/uploads\/2022\/04\/Cleura-Logotyp-Svart.png","contentUrl":"https:\/\/cleura.com\/wp-content\/uploads\/2022\/04\/Cleura-Logotyp-Svart.png","width":1000,"height":237,"caption":"Cleura"},"image":{"@id":"https:\/\/cleura.com\/sv\/#\/schema\/logo\/image\/"},"sameAs":["https:\/\/www.facebook.com\/CleuraCloud","https:\/\/x.com\/cleuracloud","https:\/\/www.linkedin.com\/company\/cleura","https:\/\/www.youtube.com\/c\/Cleura"]},{"@type":"Person","@id":"https:\/\/cleura.com\/sv\/#\/schema\/person\/c02ccda0378455814e140519eb26e4fb","name":"Cleura","image":{"@type":"ImageObject","inLanguage":"sv-SE","@id":"https:\/\/secure.gravatar.com\/avatar\/b643d8e0c7f8c9cf15e9192d7d3cbca191e67ccdf72dcd8ea29f4eb330b108e2?s=96&d=mm&r=g","url":"https:\/\/secure.gravatar.com\/avatar\/b643d8e0c7f8c9cf15e9192d7d3cbca191e67ccdf72dcd8ea29f4eb330b108e2?s=96&d=mm&r=g","contentUrl":"https:\/\/secure.gravatar.com\/avatar\/b643d8e0c7f8c9cf15e9192d7d3cbca191e67ccdf72dcd8ea29f4eb330b108e2?s=96&d=mm&r=g","caption":"Cleura"},"description":"Cleura is the European cloud, offering fully automated digital infrastructure services for companies that want to innovate without sacrificing data privacy. By delivering compliant and secure infrastructure technology built on open-source, Cleura provides organizations with a sustainable foundation for innovation with complete control over their data. As a part of Iver, Cleura is headquartered in Sweden with cloud zones across the world. Cleura is an Iver company.","sameAs":["https:\/\/cleura.com","https:\/\/facebook.com\/cleuracloud","https:\/\/www.linkedin.com\/company\/cleura\/","https:\/\/x.com\/CleuraCloud","https:\/\/www.youtube.com\/c\/Cleura"]}]}},"_links":{"self":[{"href":"https:\/\/cleura.com\/sv\/wp-json\/wp\/v2\/posts\/12207","targetHints":{"allow":["GET"]}}],"collection":[{"href":"https:\/\/cleura.com\/sv\/wp-json\/wp\/v2\/posts"}],"about":[{"href":"https:\/\/cleura.com\/sv\/wp-json\/wp\/v2\/types\/post"}],"author":[{"embeddable":true,"href":"https:\/\/cleura.com\/sv\/wp-json\/wp\/v2\/users\/3"}],"replies":[{"embeddable":true,"href":"https:\/\/cleura.com\/sv\/wp-json\/wp\/v2\/comments?post=12207"}],"version-history":[{"count":3,"href":"https:\/\/cleura.com\/sv\/wp-json\/wp\/v2\/posts\/12207\/revisions"}],"predecessor-version":[{"id":16744,"href":"https:\/\/cleura.com\/sv\/wp-json\/wp\/v2\/posts\/12207\/revisions\/16744"}],"wp:featuredmedia":[{"embeddable":true,"href":"https:\/\/cleura.com\/sv\/wp-json\/wp\/v2\/media\/12199"}],"wp:attachment":[{"href":"https:\/\/cleura.com\/sv\/wp-json\/wp\/v2\/media?parent=12207"}],"wp:term":[{"taxonomy":"category","embeddable":true,"href":"https:\/\/cleura.com\/sv\/wp-json\/wp\/v2\/categories?post=12207"},{"taxonomy":"post_tag","embeddable":true,"href":"https:\/\/cleura.com\/sv\/wp-json\/wp\/v2\/tags?post=12207"}],"curies":[{"name":"wp","href":"https:\/\/api.w.org\/{rel}","templated":true}]}}