{"id":14294,"date":"2023-11-03T08:00:00","date_gmt":"2023-11-03T07:00:00","guid":{"rendered":"https:\/\/cleura.com\/?p=14294"},"modified":"2024-12-13T12:00:40","modified_gmt":"2024-12-13T11:00:40","slug":"vem-tar-hem-vardet-nar-valfarden-digitaliseras","status":"publish","type":"post","link":"https:\/\/cleura.com\/sv\/molnguiden\/perspektiv\/vem-tar-hem-vardet-nar-valfarden-digitaliseras\/","title":{"rendered":"Vem tar hem v\u00e4rdet n\u00e4r v\u00e4lf\u00e4rden digitaliseras?"},"content":{"rendered":"\n<div class=\"wp-block-columns are-vertically-aligned-center is-layout-flex wp-container-core-columns-is-layout-9d6595d7 wp-block-columns-is-layout-flex\">\n<div class=\"wp-block-column is-vertically-aligned-center is-layout-flow wp-block-column-is-layout-flow\" style=\"flex-basis:100%\">\n<ul class=\"wp-block-outermost-social-sharing has-normal-icon-size is-style-logos-only is-content-justification-center is-layout-flex wp-container-outermost-social-sharing-is-layout-16018d1d wp-block-outermost-social-sharing-is-layout-flex\"><li class=\"outermost-social-sharing-link outermost-social-sharing-link-linkedin  wp-block-outermost-social-sharing-link\">\n\t<a href=\"https:\/\/www.linkedin.com\/shareArticle?mini=true&#038;url=https%3A%2F%2Fcleura.com%2Fsv%2Fmolnguiden%2Fperspektiv%2Fvem-tar-hem-vardet-nar-valfarden-digitaliseras%2F&#038;title=Vem%20tar%20hem%20v%C3%A4rdet%20n%C3%A4r%20v%C3%A4lf%C3%A4rden%20digitaliseras%3F\" aria-label=\"Dela p\u00e5 LinkedIn\" rel=\"noopener nofollow\" target=\"_blank\" class=\"wp-block-outermost-social-sharing-link-anchor\">\n\t\t<svg width=\"24\" height=\"24\" viewBox=\"0 0 24 24\" version=\"1.1\" xmlns=\"http:\/\/www.w3.org\/2000\/svg\" aria-hidden=\"true\" focusable=\"false\"><path d=\"M19.7,3H4.3C3.582,3,3,3.582,3,4.3v15.4C3,20.418,3.582,21,4.3,21h15.4c0.718,0,1.3-0.582,1.3-1.3V4.3 C21,3.582,20.418,3,19.7,3z M8.339,18.338H5.667v-8.59h2.672V18.338z M7.004,8.574c-0.857,0-1.549-0.694-1.549-1.548 c0-0.855,0.691-1.548,1.549-1.548c0.854,0,1.547,0.694,1.547,1.548C8.551,7.881,7.858,8.574,7.004,8.574z M18.339,18.338h-2.669 v-4.177c0-0.996-0.017-2.278-1.387-2.278c-1.389,0-1.601,1.086-1.601,2.206v4.249h-2.667v-8.59h2.559v1.174h0.037 c0.356-0.675,1.227-1.387,2.526-1.387c2.703,0,3.203,1.779,3.203,4.092V18.338z\"><\/path><\/svg>\t\t<span class=\"wp-block-outermost-social-sharing-link-label screen-reader-text\">\n\t\t\tDela p\u00e5 LinkedIn\t\t<\/span>\n\t<\/a>\n<\/li>\n\n\n<li class=\"outermost-social-sharing-link outermost-social-sharing-link-x  wp-block-outermost-social-sharing-link\">\n\t<a href=\"https:\/\/x.com\/share?url=https%3A%2F%2Fcleura.com%2Fsv%2Fmolnguiden%2Fperspektiv%2Fvem-tar-hem-vardet-nar-valfarden-digitaliseras%2F&#038;text=Vem%20tar%20hem%20v%C3%A4rdet%20n%C3%A4r%20v%C3%A4lf%C3%A4rden%20digitaliseras%3F\" aria-label=\"Dela p\u00e5 X\" rel=\"noopener nofollow\" target=\"_blank\" class=\"wp-block-outermost-social-sharing-link-anchor\">\n\t\t<svg width=\"24\" height=\"24\" viewBox=\"0 0 24 24\" version=\"1.1\" xmlns=\"http:\/\/www.w3.org\/2000\/svg\" aria-hidden=\"true\" focusable=\"false\"><path d=\"M13.982 10.622 20.54 3h-1.554l-5.693 6.618L8.745 3H3.5l6.876 10.007L3.5 21h1.554l6.012-6.989L15.868 21h5.245l-7.131-10.378Zm-2.128 2.474-.697-.997-5.543-7.93H8l4.474 6.4.697.996 5.815 8.318h-2.387l-4.745-6.787Z\"><\/path><\/svg>\t\t<span class=\"wp-block-outermost-social-sharing-link-label screen-reader-text\">\n\t\t\tDela p\u00e5 X\t\t<\/span>\n\t<\/a>\n<\/li>\n\n\n<li class=\"outermost-social-sharing-link outermost-social-sharing-link-facebook  wp-block-outermost-social-sharing-link\">\n\t<a href=\"https:\/\/www.facebook.com\/sharer\/sharer.php?u=https%3A%2F%2Fcleura.com%2Fsv%2Fmolnguiden%2Fperspektiv%2Fvem-tar-hem-vardet-nar-valfarden-digitaliseras%2F&#038;title=Vem%20tar%20hem%20v%C3%A4rdet%20n%C3%A4r%20v%C3%A4lf%C3%A4rden%20digitaliseras%3F\" aria-label=\"Dela p\u00e5 Facebook\" rel=\"noopener nofollow\" target=\"_blank\" class=\"wp-block-outermost-social-sharing-link-anchor\">\n\t\t<svg width=\"24\" height=\"24\" viewBox=\"0 0 24 24\" version=\"1.1\" xmlns=\"http:\/\/www.w3.org\/2000\/svg\" aria-hidden=\"true\" focusable=\"false\"><path d=\"M12 2C6.5 2 2 6.5 2 12c0 5 3.7 9.1 8.4 9.9v-7H7.9V12h2.5V9.8c0-2.5 1.5-3.9 3.8-3.9 1.1 0 2.2.2 2.2.2v2.5h-1.3c-1.2 0-1.6.8-1.6 1.6V12h2.8l-.4 2.9h-2.3v7C18.3 21.1 22 17 22 12c0-5.5-4.5-10-10-10z\"><\/path><\/svg>\t\t<span class=\"wp-block-outermost-social-sharing-link-label screen-reader-text\">\n\t\t\tDela p\u00e5 Facebook\t\t<\/span>\n\t<\/a>\n<\/li>\n\n\n<li class=\"outermost-social-sharing-link outermost-social-sharing-link-mail  wp-block-outermost-social-sharing-link\">\n\t<a href=\"mailto:?subject=Vem%20tar%20hem%20v%C3%A4rdet%20n%C3%A4r%20v%C3%A4lf%C3%A4rden%20digitaliseras%3F&#038;body=Vem%20tar%20hem%20v%C3%A4rdet%20n%C3%A4r%20v%C3%A4lf%C3%A4rden%20digitaliseras%3F%20&mdash;%20https%3A%2F%2Fcleura.com%2Fsv%2Fmolnguiden%2Fperspektiv%2Fvem-tar-hem-vardet-nar-valfarden-digitaliseras%2F\" aria-label=\"Skicka denna sida med e-post\"  class=\"wp-block-outermost-social-sharing-link-anchor\">\n\t\t<svg width=\"24\" height=\"24\" viewBox=\"0 0 24 24\" version=\"1.1\" xmlns=\"http:\/\/www.w3.org\/2000\/svg\" aria-hidden=\"true\" focusable=\"false\"><path d=\"M20,4H4C2.895,4,2,4.895,2,6v12c0,1.105,0.895,2,2,2h16c1.105,0,2-0.895,2-2V6C22,4.895,21.105,4,20,4z M20,8.236l-8,4.882 L4,8.236V6h16V8.236z\"><\/path><\/svg>\t\t<span class=\"wp-block-outermost-social-sharing-link-label screen-reader-text\">\n\t\t\tSkicka denna sida med e-post\t\t<\/span>\n\t<\/a>\n<\/li>\n\n\n<li class=\"outermost-social-sharing-link outermost-social-sharing-link-print  wp-block-outermost-social-sharing-link\">\n\t<a href=\"javascript:window.print()\" aria-label=\"Skriv ut denna sida\"  class=\"wp-block-outermost-social-sharing-link-anchor\">\n\t\t<svg width=\"24\" height=\"24\" viewBox=\"0 0 24 24\" version=\"1.1\" xmlns=\"http:\/\/www.w3.org\/2000\/svg\" aria-hidden=\"true\" focusable=\"false\"><path d=\"m14.639 3 4.222 4.235v3.177h.528c1.113 0 2.025.864 2.105 1.96l.006.157v5.295h-2.639v2.117c0 .585-.472 1.059-1.055 1.059H6.194a1.057 1.057 0 0 1-1.055-1.059v-2.117H2.5v-5.295c0-1.17.945-2.117 2.111-2.117h.528V4.059C5.139 3.474 5.61 3 6.194 3h8.445Zm2.639 13.235H6.722v3.177h10.556v-3.177Zm2.11-4.5a.793.793 0 0 0-.79.794.793.793 0 1 0 .79-.794Zm-5.277-7.147H6.722v6.883h10.556V7.765h-2.111a1.057 1.057 0 0 1-1.056-1.06V4.589Z\"><\/path><\/svg>\t\t<span class=\"wp-block-outermost-social-sharing-link-label screen-reader-text\">\n\t\t\tSkriv ut denna sida\t\t<\/span>\n\t<\/a>\n<\/li>\n<\/ul>\n<\/div>\n<\/div>\n\n\n\n<ul class=\"wp-block-social-links has-huge-icon-size has-visible-labels is-content-justification-center is-layout-flex wp-container-core-social-links-is-layout-16018d1d wp-block-social-links-is-layout-flex\"><li class=\"wp-social-link wp-social-link-spotify  wp-block-social-link\"><a rel=\"noopener nofollow\" target=\"_blank\" href=\"https:\/\/podcasters.spotify.com\/pod\/show\/molnguiden\/episodes\/Molnguiden-7---Vem-tar-hem-vrdet-nr-vlfrden-digitaliseras-e2bcu6r\" class=\"wp-block-social-link-anchor\"><svg width=\"24\" height=\"24\" viewBox=\"0 0 24 24\" version=\"1.1\" xmlns=\"http:\/\/www.w3.org\/2000\/svg\" aria-hidden=\"true\" focusable=\"false\"><path d=\"M12,2C6.477,2,2,6.477,2,12c0,5.523,4.477,10,10,10c5.523,0,10-4.477,10-10C22,6.477,17.523,2,12,2 M16.586,16.424 c-0.18,0.295-0.563,0.387-0.857,0.207c-2.348-1.435-5.304-1.76-8.785-0.964c-0.335,0.077-0.67-0.133-0.746-0.469 c-0.077-0.335,0.132-0.67,0.469-0.746c3.809-0.871,7.077-0.496,9.713,1.115C16.673,15.746,16.766,16.13,16.586,16.424 M17.81,13.7 c-0.226,0.367-0.706,0.482-1.072,0.257c-2.687-1.652-6.785-2.131-9.965-1.166C6.36,12.917,5.925,12.684,5.8,12.273 C5.675,11.86,5.908,11.425,6.32,11.3c3.632-1.102,8.147-0.568,11.234,1.328C17.92,12.854,18.035,13.335,17.81,13.7 M17.915,10.865 c-3.223-1.914-8.54-2.09-11.618-1.156C5.804,9.859,5.281,9.58,5.131,9.086C4.982,8.591,5.26,8.069,5.755,7.919 c3.532-1.072,9.404-0.865,13.115,1.338c0.445,0.264,0.59,0.838,0.327,1.282C18.933,10.983,18.359,11.129,17.915,10.865\"><\/path><\/svg><span class=\"wp-block-social-link-label\">Spotify<\/span><\/a><\/li>\n\n<li class=\"wp-social-link wp-social-link-youtube  wp-block-social-link\"><a rel=\"noopener nofollow\" target=\"_blank\" href=\"https:\/\/youtu.be\/AmeXbI1WmNM\" class=\"wp-block-social-link-anchor\"><svg width=\"24\" height=\"24\" viewBox=\"0 0 24 24\" version=\"1.1\" xmlns=\"http:\/\/www.w3.org\/2000\/svg\" aria-hidden=\"true\" focusable=\"false\"><path d=\"M21.8,8.001c0,0-0.195-1.378-0.795-1.985c-0.76-0.797-1.613-0.801-2.004-0.847c-2.799-0.202-6.997-0.202-6.997-0.202 h-0.009c0,0-4.198,0-6.997,0.202C4.608,5.216,3.756,5.22,2.995,6.016C2.395,6.623,2.2,8.001,2.2,8.001S2,9.62,2,11.238v1.517 c0,1.618,0.2,3.237,0.2,3.237s0.195,1.378,0.795,1.985c0.761,0.797,1.76,0.771,2.205,0.855c1.6,0.153,6.8,0.201,6.8,0.201 s4.203-0.006,7.001-0.209c0.391-0.047,1.243-0.051,2.004-0.847c0.6-0.607,0.795-1.985,0.795-1.985s0.2-1.618,0.2-3.237v-1.517 C22,9.62,21.8,8.001,21.8,8.001z M9.935,14.594l-0.001-5.62l5.404,2.82L9.935,14.594z\"><\/path><\/svg><span class=\"wp-block-social-link-label\">YouTube<\/span><\/a><\/li><\/ul>\n\n\n\n<h2 class=\"wp-block-heading\" id=\"h-skr-digg-och-140-ai-miljarder\">SKR, Digg och 140 AI-miljarder<\/h2>\n\n\n\n<p>Digitalisering, allts\u00e5 ett f\u00f6r\u00e4ndrat arbetss\u00e4tt med hj\u00e4lp av digital teknik, har stor potential att m\u00f6ta flera av v\u00e4lf\u00e4rdens utmaningar. Det skriver <a href=\"https:\/\/skr.se\">SKR<\/a>, Sveriges kommuner och regioner, i en rapport.<\/p>\n\n\n\n<p><a href=\"https:\/\/www.digg.se\/\">Digg<\/a>, Myndigheten f\u00f6r digital f\u00f6rvaltning, skrev f\u00f6r en tid sedan att ett fullst\u00e4ndigt inf\u00f6rande av AI-teknik i svensk offentlig f\u00f6rvaltning skulle ge <a href=\"https:\/\/www.digg.se\/analys-och-uppfoljning\/publikationer\/publikationer\/2023-01-23-slutrapport-uppdrag-att-framja-offentlig-forvaltnings-formaga-att-anvanda-artificiell-intelligens\" target=\"_blank\" rel=\"noreferrer noopener\">ett ekonomiskt v\u00e4rde p\u00e5 140&nbsp;miljarder kronor<\/a>.<\/p>\n\n\n\n<p>Man kan diskutera detaljerna i den h\u00e4r typen av siffror, men l\u00e5t oss utg\u00e5 ifr\u00e5n att det ligger n\u00e5got i det h\u00e4r. Digitalisering kan anv\u00e4ndas f\u00f6r att ge effektiviseringar och skapa nya v\u00e4rden f\u00f6r verksamheter, det \u00e4r nog de flesta \u00f6verens om.<\/p>\n\n\n\n<p>Vad Diggs bed\u00f6mning om 140&nbsp;miljarder kronor inte tar h\u00e4nsyn till, vilket de sj\u00e4lva skriver, \u00e4r <strong>kostnaden<\/strong> f\u00f6r respektive verksamhet att inf\u00f6ra de h\u00e4r l\u00f6sningarna.<\/p>\n\n\n\n<h2 class=\"wp-block-heading\" id=\"h-ett-ekonomiskt-tankeexperiment\">Ett ekonomiskt tankeexperiment<\/h2>\n\n\n\n<p>L\u00e5t oss g\u00f6ra ett ekonomiskt tankeexperiment. Om din verksamhet k\u00f6per en tj\u00e4nst <strong>och f\u00e5r ut ett st\u00f6rre v\u00e4rde \u00e4n vad ni betalar<\/strong>, d\u00e5 \u00e4r det rationellt att k\u00f6pa den tj\u00e4nsten.<\/p>\n\n\n\n<p>\u00c5tminstone om det inte finns n\u00e5gon <strong>annan<\/strong> tj\u00e4nst som ger ett <strong>\u00e4nnu<\/strong> st\u00f6rre v\u00e4rde. F\u00f6r i s\u00e5 fall har ni en alternativkostnad. Den best\u00e5r i att ni hade kunnat f\u00e5 ut ett \u00e4nnu st\u00f6rre v\u00e4rde som ni nu g\u00e5r miste om.<\/p>\n\n\n\n<p>Men l\u00e5t oss utg\u00e5 ifr\u00e5n att din verksamhet k\u00f6per en it-tj\u00e4nst av en leverant\u00f6r som ni anv\u00e4nder f\u00f6r att skapa ett v\u00e4rde.<\/p>\n\n\n\n<h3 class=\"wp-block-heading\" id=\"h-uppmatt-varde\">Uppm\u00e4tt v\u00e4rde<\/h3>\n\n\n\n<p>L\u00e5t oss ocks\u00e5 s\u00e4tta siffror p\u00e5 v\u00e4rdet &#8211; siffrorna h\u00e4r \u00e4r helt fiktiva, och anv\u00e4nds enbart f\u00f6r att illustrera en po\u00e4ng. L\u00e5t s\u00e4ga att tj\u00e4nsten ni k\u00f6per bidrar till att skapa ett v\u00e4rde p\u00e5 100 000 kr per \u00e5r. Det \u00e4r s\u00e5 mycket v\u00e4rde tj\u00e4nsten skapar \u00e5t din verksamhet.<\/p>\n\n\n\n<p>F\u00f6r att komma ig\u00e5ng s\u00e5 ger leverant\u00f6ren en del rabatt till verksamheten. Under ganska l\u00e5ng tid rentav. Ni betalar 60 000 kr f\u00f6r f\u00f6rsta, andra och kanske tredje \u00e5ret. Och <em>nettonyttan<\/em> ni f\u00e5r ut d\u00e5, den \u00e4r ju v\u00e4rd 40 000 kr per \u00e5r. 100&nbsp;000&nbsp;kr i v\u00e4rde minus 60 000 kr i kostnad.<\/p>\n\n\n\n<h3 class=\"wp-block-heading\" id=\"h-leverantoren-hojer-sina-priser-nettonyttan-ats-upp\">Leverant\u00f6ren h\u00f6jer sina priser &#8211; nettonyttan \u00e4ts upp<\/h3>\n\n\n\n<p>Men sen b\u00f6rjar leverant\u00f6ren h\u00f6ja sina priser. \u00c5r fyra betalar ni 70 000 kr per \u00e5r och visst, v\u00e4rdet ni f\u00e5r ut det kan ocks\u00e5 \u00f6ka. Nya funktioner lanseras och f\u00f6r en del av dem f\u00e5r ni kanske ocks\u00e5 rabatt.<\/p>\n\n\n\n<p>Ni b\u00f6rjar anv\u00e4nda fler och fler specialfunktioner i leverant\u00f6rens tj\u00e4nst, men efter ett tag s\u00e5 \u00f6kar priserna ytterligare. Och en del av de h\u00e4r funktionerna, de kan ni inte ens anv\u00e4nda p\u00e5 ett lagligt s\u00e4tt.<\/p>\n\n\n\n<p>Nettonyttan som blir kvar till din verksamhet, den krymper.<\/p>\n\n\n\n<p>\u00c5r tio estimerar du att det skapas ett v\u00e4rde p\u00e5 115 000 kr, men ni betalar 110 000 kr. Fr\u00e5n en \u00e5rs-nettonytta p\u00e5 40 000 kr \u00e4r ni nu nere p\u00e5 5 000 kr.<\/p>\n\n\n\n<p>Nu kanske du s\u00e4ger att det h\u00e4r hade vi aldrig accepterat. Vi hade bytt l\u00f6sning l\u00e5ngt innan det h\u00e4r h\u00e4nde. Varf\u00f6r n\u00f6ja sig med 5 000 kr i nytta om man kan f\u00e5 betydligt mer \u00e4n s\u00e5?<\/p>\n\n\n\n<h3 class=\"wp-block-heading\" id=\"h-finns-det-andra-leverantorer-och-gar-de-att-byta-till\">Finns det andra leverant\u00f6rer &#8211; och g\u00e5r de att byta till?<\/h3>\n\n\n\n<p>Ett byte bygger ju emellertid p\u00e5 att det finns en annan leverant\u00f6r. Och inte nog med det &#8211; det m\u00e5ste vara en annan leverant\u00f6r som \u00e4r realistisk att byta till.<\/p>\n\n\n\n<p>L\u00e5t s\u00e4ga att det finns en annan leverant\u00f6r. Den skulle ge 100 000 kr i v\u00e4rde och kostar 25 000 kr per \u00e5r. Det skulle betyda att alternativkostnaden \u00e4r 70 000 kr per \u00e5r i outnyttjad potential om din verksamhet forts\u00e4tter anv\u00e4nda dagens l\u00f6sning, d\u00e4r verksamhetens netto-nytta endast \u00e4r 5 000 kr per \u00e5r.<\/p>\n\n\n\n<p>Och absolut, byt d\u00e5, <em>om ni kan<\/em>.<\/p>\n\n\n\n<p>F\u00f6r t\u00e4nk dig nu att allt det jobb som din verksamhet har lagt ner p\u00e5 att l\u00e4ra sig er befintliga leverant\u00f6rs infrastruktur &#8211; all personal ni har rekryterat med den kompetensen, all intern dokumentation och processer ni har anpassat &#8211; det \u00e4r knutet till just den h\u00e4r leverant\u00f6rens l\u00f6sning och g\u00e5r inte att ta med sig n\u00e5gon annanstans.<\/p>\n\n\n\n<p>D\u00e5 har vi inte ens ber\u00f6rt det tekniska. Er applikationsarkitektur och kod.<\/p>\n\n\n\n<p>Med andra ord, din verksamhet \u00e4r nu inl\u00e5st. Det skulle kr\u00e4vas ett enormt arbete att migrera till en annan leverant\u00f6r.<\/p>\n\n\n\n<p>River ni d\u00e5 av det pl\u00e5stret eller stannar ni kvar? Vem g\u00e5r till styrelsen och \u00e4skar pengar f\u00f6r ett massivt migreringsprojekt med ett i och f\u00f6r sig v\u00e4lgrundat argument att det kommer att l\u00f6na sig i l\u00e4ngden?<\/p>\n\n\n\n<p>Eller forts\u00e4tter ni att ge bort n\u00e4stan allt det v\u00e4rde ni f\u00e5r ut, till leverant\u00f6rens aktie\u00e4gare?<\/p>\n\n\n\n<h3 class=\"wp-block-heading\" id=\"h-inlasning-i-flera-nivaer\">Inl\u00e5sning i flera niv\u00e5er<\/h3>\n\n\n\n<p>\u00c4ven om din verksamhet inte sj\u00e4lv k\u00f6per <a href=\"https:\/\/cleura.com\">molninfrastruktur<\/a> s\u00e5 g\u00f6r antagligen verksamhetens leverant\u00f6rer det.<\/p>\n\n\n\n<p>N\u00e4r din verksamhet k\u00f6per en SaaS-l\u00f6sning eller annan digital tj\u00e4nst s\u00e5 driftas den troligen hos en leverant\u00f6r av molninfrastruktur.<\/p>\n\n\n\n<p>Och om din SaaS-leverant\u00f6r \u00e4r inl\u00e5st, d\u00e5 drabbas \u00e4ven din verksamhet.<\/p>\n\n\n\n<p>F\u00f6r n\u00e4r leverant\u00f6ren av molninfrastruktur h\u00f6jer sina priser, d\u00e5 drabbar ju det SaaS-leverant\u00f6ren som tvingas v\u00e4ltra \u00f6ver pris\u00f6kningen till sina kunder, d\u00e4ribland din verksamhet.<\/p>\n\n\n\n<h2 class=\"wp-block-heading\" id=\"h-nedslaende-men-hogst-verkliga-farhagor\">Nedsl\u00e5ende men h\u00f6gst verkliga farh\u00e5gor<\/h2>\n\n\n\n<p>Det l\u00e5ter ju nedsl\u00e5ende det h\u00e4r. Om den stora merparten av nyttan fr\u00e5n digitalisering och AI hamnar i fickorna p\u00e5 ett f\u00e5tal molntj\u00e4nstleverant\u00f6rer som l\u00e5ser in sina kunder. <\/p>\n\n\n\n<p>Ja, det vore ju verkligen tragiskt om det blev s\u00e5. Om lejonparten av de h\u00e4r 140 AI miljarderna hamnade hos ett f\u00e5tal molnleverant\u00f6rer d\u00e4rf\u00f6r att verksamheterna \u00e4r inl\u00e5sta. Eller d\u00e4rf\u00f6r att verksamheternas leverant\u00f6rer \u00e4r det.<\/p>\n\n\n\n<h2 class=\"wp-block-heading\" id=\"h-konkurrensmyndigheters-granskning\">Konkurrensmyndigheters granskning<\/h2>\n\n\n\n<p>De h\u00e4r siffrorna \u00e4r till f\u00f6r att illustrera en po\u00e4ng, men farh\u00e5gorna \u00e4r h\u00f6gst verkliga.<\/p>\n\n\n\n<p>S\u00e5v\u00e4l brittiska som franska och danska konkurrensmyndigheter granskar eller har granskat sina respektive marknader f\u00f6r molntj\u00e4nster just f\u00f6r att de ser beteenden som kan h\u00e4mma konkurrensen.<\/p>\n\n\n\n<figure class=\"wp-block-mamaduka-bookmark-card is-style-horizontal\"><a class=\"bookmark-card\" href=\"https:\/\/www.gov.uk\/government\/news\/cma-launches-market-investigation-into-cloud-services\" target=\"_blank\" rel=\"noreferrer noopener\"><div class=\"bookmark-card__image\"><img decoding=\"async\" src=\"https:\/\/assets.publishing.service.gov.uk\/government\/uploads\/system\/uploads\/image_data\/file\/197737\/s960_Cloud_services_PN_image.jpg\"\/><\/div><div class=\"bookmark-card__content\"><div class=\"bookmark-card__title\">CMA launches market investigation into cloud services &#8211; GOV.UK<\/div><div class=\"bookmark-card__description\">Following Ofcom\u2019s referral, the CMA is launching a market investigation into the supply of public cloud infrastructure services in the UK.<\/div><div class=\"bookmark_card__meta\"><img decoding=\"async\" class=\"bookmark_card__meta-icon\" src=\"https:\/\/www.gov.uk\/assets\/static\/favicon-9ed7849c462c53aa2cdf1690eb257e801ecbf5696d1d0928868c5b032b4adb36.ico\"\/><span class=\"bookmark_card__meta-publisher\">www.gov.uk<\/span><\/div><\/div><\/a><\/figure>\n\n\n\n<div style=\"height:30px\" aria-hidden=\"true\" class=\"wp-block-spacer\"><\/div>\n\n\n\n<figure class=\"wp-block-mamaduka-bookmark-card\"><a class=\"bookmark-card\" href=\"https:\/\/www.autoritedelaconcurrence.fr\/en\/press-release\/cloud-computing-autorite-de-la-concurrence-issues-its-market-study-competition-cloud\" target=\"_blank\" rel=\"noreferrer noopener\"><div class=\"bookmark-card__content\"><div class=\"bookmark-card__title\">Cloud computing: the Autorit\u00e9 de la concurrence issues its market study on competition in the cloud sector | Autorit\u00e9 de la concurrence<\/div><div class=\"bookmark-card__description\"><\/div><div class=\"bookmark_card__meta\"><img decoding=\"async\" class=\"bookmark_card__meta-icon\" src=\"https:\/\/www.autoritedelaconcurrence.fr\/themes\/custom\/adlc\/favicon.png\"\/><span class=\"bookmark_card__meta-publisher\">www.autoritedelaconcurrence.fr<\/span><\/div><\/div><\/a><\/figure>\n\n\n\n<div style=\"height:30px\" aria-hidden=\"true\" class=\"wp-block-spacer\"><\/div>\n\n\n\n<figure class=\"wp-block-mamaduka-bookmark-card\"><a class=\"bookmark-card\" href=\"https:\/\/en.kfst.dk\/nyheder\/kfst\/english\/news\/2024\/20240712-the-danish-competition-and-consumer-authority-is-examining-the-market-for-cloud-services-for-businesses-and-the-public-sector\"><div class=\"bookmark-card__image\"><img decoding=\"async\" src=\"https:\/\/en.kfst.dk\"\/><\/div><div class=\"bookmark-card__content\"><div class=\"bookmark-card__title\">The Danish Competition and Consumer Authority is examining the market for cloud services for businesses and the public sector.<\/div><div class=\"bookmark-card__description\">The Danish Competition and Consumer Authority is initiating an analysis of the state of competition in the market for cloud services for businesses and the public sector. The purpose of the analysis is to identify potential challenges to competition.<\/div><div class=\"bookmark_card__meta\"><img decoding=\"async\" class=\"bookmark_card__meta-icon\" src=\"https:\/\/en.kfst.dk\/Assets\/favicon-32x32.png\"\/><span class=\"bookmark_card__meta-publisher\">en.kfst.dk<\/span><\/div><\/div><\/a><\/figure>\n\n\n\n<p>N\u00e5gon motsvarande granskning har inte gjorts i Sverige. Det betyder emellertid inte att verksamheter i Sverige m\u00e5ste sitta still.<\/p>\n\n\n\n<p>P\u00e5 Cleura tror vi p\u00e5 molninfrastruktur som motverkar inl\u00e5sning. Cleuras moln \u00e4r ett exempel, men det finns andra leverant\u00f6rer som anv\u00e4nder samma teknik, <a href=\"https:\/\/www.openstack.org\/\" target=\"_blank\" rel=\"noreferrer noopener\">OpenStack<\/a>.<\/p>\n\n\n\n<p>Det \u00e4r en stor del av po\u00e4ngen att det finns flera leverant\u00f6rer med samma teknikplatta i botten.<\/p>\n\n\n\n<h2 class=\"wp-block-heading\" id=\"h-om-hur-amerikanska-it-jattar-dominerar-danska-myndigheter\">Om hur amerikanska it-j\u00e4ttar dominerar danska myndigheter<\/h2>\n\n\n\n<p>Cleura har <a href=\"https:\/\/cleura.com\/sv\/molnguiden\/perspektiv\/leverantorsinlasning-dranerar-skattemedel-danmark-undersoker-framjande-av-oppen-kallkod\/\">skrivit om<\/a> hur danska kommuners Microsoft-kostnader \u00f6kat med \u00f6ver 70 % p\u00e5 fem \u00e5r, och att Region K\u00f6penhamn tvingades s\u00e4ga upp 150 personer f\u00f6r att ha r\u00e5d att betala \u00f6kade licenskostnader.<\/p>\n\n\n\n<p><em>&#8221;Det finns nu ett monopolliknande tillst\u00e5nd med allt ont som det kan f\u00f6ra med sig&#8221;<\/em><\/p>\n\n\n\n<figure class=\"wp-block-mamaduka-bookmark-card is-style-horizontal\"><a class=\"bookmark-card\" href=\"https:\/\/www.version2.dk\/artikel\/amerikanske-it-giganter-dominerer-danske-myndigheder-der-er-nu-en-monopollignende-tilstand\" target=\"_blank\" rel=\"noreferrer noopener\"><div class=\"bookmark-card__image\"><img decoding=\"async\" src=\"https:\/\/www.version2.dk\/sites\/mi\/files\/styles\/open_graph_image_16_9\/public\/2022-05\/K%C3%B8benhavns_R%C3%A5dhus_-_Copenhagen_City_Hall_%2824045481078%29.jpg?itok=qoigNihp\"\/><\/div><div class=\"bookmark-card__content\"><div class=\"bookmark-card__title\">Amerikanske it-giganter dominerer danske myndigheder: \u00bbDer er nu en monopollignende tilstand\u00ab | Version2<\/div><div class=\"bookmark-card__description\">Med \u00e5bne \u00f8jne l\u00e6gger K\u00f8benhavns Kommune op til at forl\u00e6nge ulovlige it-kontrakter. De p\u00e5g\u00e6ldende it-l\u00f8sninger er n\u00f8dvendige og uden alternativer.<\/div><div class=\"bookmark_card__meta\"><img decoding=\"async\" class=\"bookmark_card__meta-icon\" src=\"https:\/\/www.version2.dk\/themes\/mi\/version2\/favicons\/favicon-32x32.png\"\/><span class=\"bookmark_card__meta-publisher\">www.version2.dk<\/span><\/div><\/div><\/a><\/figure>\n\n\n\n<h2 class=\"wp-block-heading\" id=\"h-lat-vardet-stanna-hos-allmanheten\">L\u00e5t v\u00e4rdet stanna hos allm\u00e4nheten<\/h2>\n\n\n\n<p>Det kan kontrasteras med it-l\u00f6sningar d\u00e4r kunden beh\u00e5ller kontrollen och har en faktisk m\u00f6jlighet att migrera. Om vi p\u00e5 Cleura skulle h\u00f6ja v\u00e5ra priser f\u00f6r mycket, eller ge d\u00e5lig <a href=\"https:\/\/cleura.com\/support\/\" target=\"_blank\" rel=\"noreferrer noopener\">support<\/a>, eller om en kund pl\u00f6tsligt tvingas sk\u00e4ra i sin it budget&#8230; d\u00e5 kan v\u00e5ra kunder ta sitt pick och pack och dra. Kanske inte p\u00e5 en eftermiddag, men det \u00e4r fullt genomf\u00f6rbart.<\/p>\n\n\n\n<p>Paradoxalt nog \u00e4r det s\u00e5 att ju l\u00e4ttare det \u00e4r att l\u00e4mna oss p\u00e5 Cleura, desto fler kunder vill komma till oss och desto fler vill stanna hos oss. F\u00f6r vi m\u00e5ste f\u00f6rtj\u00e4na v\u00e5ra kunders f\u00f6rtroende varje dag. Det vet b\u00e5de vi och v\u00e5ra kunder. Det g\u00f6r spelplanen j\u00e4mnare. Det stimulerar till dialog fr\u00e5n b\u00e5da sidor. Det g\u00f6r b\u00e5de oss och v\u00e5ra kunder b\u00e4ttre. Mer lyh\u00f6rda, mer nyfikna p\u00e5 f\u00f6rb\u00e4ttring.<\/p>\n\n\n\n<p>Sj\u00e4lvklart \u00e4r det ocks\u00e5 b\u00e4ttre f\u00f6r samh\u00e4llsekonomin. F\u00f6r av allt det v\u00e4rde som skapas med digitalisering, s\u00e5 stannar precis s\u00e5 mycket som vi f\u00f6rtj\u00e4nar hos oss, inte mer. Medan det st\u00f6rsta v\u00e4rdet stannar d\u00e4r det h\u00f6r hemma: hos verksamheterna och allm\u00e4nheten.<\/p>\n\n\n\n<div style=\"height:30px\" aria-hidden=\"true\" class=\"wp-block-spacer\"><\/div>\n\n\n\n<div class=\"wp-block-columns is-layout-flex wp-container-core-columns-is-layout-9d6595d7 wp-block-columns-is-layout-flex\">\n<div class=\"wp-block-column is-layout-flow wp-block-column-is-layout-flow\" style=\"flex-basis:100%\">\n<ul class=\"wp-block-outermost-social-sharing has-normal-icon-size is-style-logos-only is-content-justification-center is-layout-flex wp-container-outermost-social-sharing-is-layout-16018d1d wp-block-outermost-social-sharing-is-layout-flex\"><li class=\"outermost-social-sharing-link outermost-social-sharing-link-linkedin  wp-block-outermost-social-sharing-link\">\n\t<a href=\"https:\/\/www.linkedin.com\/shareArticle?mini=true&#038;url=https%3A%2F%2Fcleura.com%2Fsv%2Fmolnguiden%2Fperspektiv%2Fvem-tar-hem-vardet-nar-valfarden-digitaliseras%2F&#038;title=Vem%20tar%20hem%20v%C3%A4rdet%20n%C3%A4r%20v%C3%A4lf%C3%A4rden%20digitaliseras%3F\" aria-label=\"Dela p\u00e5 LinkedIn\" rel=\"noopener nofollow\" target=\"_blank\" class=\"wp-block-outermost-social-sharing-link-anchor\">\n\t\t<svg width=\"24\" height=\"24\" viewBox=\"0 0 24 24\" version=\"1.1\" xmlns=\"http:\/\/www.w3.org\/2000\/svg\" aria-hidden=\"true\" focusable=\"false\"><path d=\"M19.7,3H4.3C3.582,3,3,3.582,3,4.3v15.4C3,20.418,3.582,21,4.3,21h15.4c0.718,0,1.3-0.582,1.3-1.3V4.3 C21,3.582,20.418,3,19.7,3z M8.339,18.338H5.667v-8.59h2.672V18.338z M7.004,8.574c-0.857,0-1.549-0.694-1.549-1.548 c0-0.855,0.691-1.548,1.549-1.548c0.854,0,1.547,0.694,1.547,1.548C8.551,7.881,7.858,8.574,7.004,8.574z M18.339,18.338h-2.669 v-4.177c0-0.996-0.017-2.278-1.387-2.278c-1.389,0-1.601,1.086-1.601,2.206v4.249h-2.667v-8.59h2.559v1.174h0.037 c0.356-0.675,1.227-1.387,2.526-1.387c2.703,0,3.203,1.779,3.203,4.092V18.338z\"><\/path><\/svg>\t\t<span class=\"wp-block-outermost-social-sharing-link-label screen-reader-text\">\n\t\t\tDela p\u00e5 LinkedIn\t\t<\/span>\n\t<\/a>\n<\/li>\n\n\n<li class=\"outermost-social-sharing-link outermost-social-sharing-link-x  wp-block-outermost-social-sharing-link\">\n\t<a href=\"https:\/\/x.com\/share?url=https%3A%2F%2Fcleura.com%2Fsv%2Fmolnguiden%2Fperspektiv%2Fvem-tar-hem-vardet-nar-valfarden-digitaliseras%2F&#038;text=Vem%20tar%20hem%20v%C3%A4rdet%20n%C3%A4r%20v%C3%A4lf%C3%A4rden%20digitaliseras%3F\" aria-label=\"Dela p\u00e5 X\" rel=\"noopener nofollow\" target=\"_blank\" class=\"wp-block-outermost-social-sharing-link-anchor\">\n\t\t<svg width=\"24\" height=\"24\" viewBox=\"0 0 24 24\" version=\"1.1\" xmlns=\"http:\/\/www.w3.org\/2000\/svg\" aria-hidden=\"true\" focusable=\"false\"><path d=\"M13.982 10.622 20.54 3h-1.554l-5.693 6.618L8.745 3H3.5l6.876 10.007L3.5 21h1.554l6.012-6.989L15.868 21h5.245l-7.131-10.378Zm-2.128 2.474-.697-.997-5.543-7.93H8l4.474 6.4.697.996 5.815 8.318h-2.387l-4.745-6.787Z\"><\/path><\/svg>\t\t<span class=\"wp-block-outermost-social-sharing-link-label screen-reader-text\">\n\t\t\tDela p\u00e5 X\t\t<\/span>\n\t<\/a>\n<\/li>\n\n\n<li class=\"outermost-social-sharing-link outermost-social-sharing-link-facebook  wp-block-outermost-social-sharing-link\">\n\t<a href=\"https:\/\/www.facebook.com\/sharer\/sharer.php?u=https%3A%2F%2Fcleura.com%2Fsv%2Fmolnguiden%2Fperspektiv%2Fvem-tar-hem-vardet-nar-valfarden-digitaliseras%2F&#038;title=Vem%20tar%20hem%20v%C3%A4rdet%20n%C3%A4r%20v%C3%A4lf%C3%A4rden%20digitaliseras%3F\" aria-label=\"Dela p\u00e5 Facebook\" rel=\"noopener nofollow\" target=\"_blank\" class=\"wp-block-outermost-social-sharing-link-anchor\">\n\t\t<svg width=\"24\" height=\"24\" viewBox=\"0 0 24 24\" version=\"1.1\" xmlns=\"http:\/\/www.w3.org\/2000\/svg\" aria-hidden=\"true\" focusable=\"false\"><path d=\"M12 2C6.5 2 2 6.5 2 12c0 5 3.7 9.1 8.4 9.9v-7H7.9V12h2.5V9.8c0-2.5 1.5-3.9 3.8-3.9 1.1 0 2.2.2 2.2.2v2.5h-1.3c-1.2 0-1.6.8-1.6 1.6V12h2.8l-.4 2.9h-2.3v7C18.3 21.1 22 17 22 12c0-5.5-4.5-10-10-10z\"><\/path><\/svg>\t\t<span class=\"wp-block-outermost-social-sharing-link-label screen-reader-text\">\n\t\t\tDela p\u00e5 Facebook\t\t<\/span>\n\t<\/a>\n<\/li>\n\n\n<li class=\"outermost-social-sharing-link outermost-social-sharing-link-mail  wp-block-outermost-social-sharing-link\">\n\t<a href=\"mailto:?subject=Vem%20tar%20hem%20v%C3%A4rdet%20n%C3%A4r%20v%C3%A4lf%C3%A4rden%20digitaliseras%3F&#038;body=Vem%20tar%20hem%20v%C3%A4rdet%20n%C3%A4r%20v%C3%A4lf%C3%A4rden%20digitaliseras%3F%20&mdash;%20https%3A%2F%2Fcleura.com%2Fsv%2Fmolnguiden%2Fperspektiv%2Fvem-tar-hem-vardet-nar-valfarden-digitaliseras%2F\" aria-label=\"Skicka denna sida med e-post\"  class=\"wp-block-outermost-social-sharing-link-anchor\">\n\t\t<svg width=\"24\" height=\"24\" viewBox=\"0 0 24 24\" version=\"1.1\" xmlns=\"http:\/\/www.w3.org\/2000\/svg\" aria-hidden=\"true\" focusable=\"false\"><path d=\"M20,4H4C2.895,4,2,4.895,2,6v12c0,1.105,0.895,2,2,2h16c1.105,0,2-0.895,2-2V6C22,4.895,21.105,4,20,4z M20,8.236l-8,4.882 L4,8.236V6h16V8.236z\"><\/path><\/svg>\t\t<span class=\"wp-block-outermost-social-sharing-link-label screen-reader-text\">\n\t\t\tSkicka denna sida med e-post\t\t<\/span>\n\t<\/a>\n<\/li>\n\n\n<li class=\"outermost-social-sharing-link outermost-social-sharing-link-print  wp-block-outermost-social-sharing-link\">\n\t<a href=\"javascript:window.print()\" aria-label=\"Skriv ut denna sida\"  class=\"wp-block-outermost-social-sharing-link-anchor\">\n\t\t<svg width=\"24\" height=\"24\" viewBox=\"0 0 24 24\" version=\"1.1\" xmlns=\"http:\/\/www.w3.org\/2000\/svg\" aria-hidden=\"true\" focusable=\"false\"><path d=\"m14.639 3 4.222 4.235v3.177h.528c1.113 0 2.025.864 2.105 1.96l.006.157v5.295h-2.639v2.117c0 .585-.472 1.059-1.055 1.059H6.194a1.057 1.057 0 0 1-1.055-1.059v-2.117H2.5v-5.295c0-1.17.945-2.117 2.111-2.117h.528V4.059C5.139 3.474 5.61 3 6.194 3h8.445Zm2.639 13.235H6.722v3.177h10.556v-3.177Zm2.11-4.5a.793.793 0 0 0-.79.794.793.793 0 1 0 .79-.794Zm-5.277-7.147H6.722v6.883h10.556V7.765h-2.111a1.057 1.057 0 0 1-1.056-1.06V4.589Z\"><\/path><\/svg>\t\t<span class=\"wp-block-outermost-social-sharing-link-label screen-reader-text\">\n\t\t\tSkriv ut denna sida\t\t<\/span>\n\t<\/a>\n<\/li>\n<\/ul>\n<\/div>\n<\/div>\n\n\n\n<h2 class=\"wp-block-heading\" id=\"h-har-du-fragor-om-molntjanster-och-digitalisering\">Har du fr\u00e5gor om molntj\u00e4nster och digitalisering?<\/h2>\n\n\n\n<p>Vi kan hj\u00e4lpa din organisation att genomf\u00f6ra digitaliseringsresan p\u00e5 ett lagligt och h\u00e5llbart sett.<\/p>\n\n\n<div class=\"wpforms-container wpforms-container-full wpforms-block wpforms-block-572115a7-d2ed-4c3d-b76f-b0aa884e6773 general-contact\" id=\"wpforms-11301\"><form id=\"wpforms-form-11301\" class=\"wpforms-validate wpforms-form wpforms-ajax-form\" data-formid=\"11301\" method=\"post\" enctype=\"multipart\/form-data\" action=\"\/sv\/wp-json\/wp\/v2\/posts\/14294\" data-token=\"fa8b267c4269b080ab0227fa0e78ca6c\" data-token-time=\"1777527753\"><noscript class=\"wpforms-error-noscript\">Aktivera JavaScript i din webbl\u00e4sare f\u00f6r att fylla i formul\u00e4ret.<\/noscript><div class=\"wpforms-field-container\"><div id=\"wpforms-11301-field_1-container\" class=\"wpforms-field wpforms-field-textarea\" data-field-id=\"1\"><label class=\"wpforms-field-label wpforms-label-hide\" for=\"wpforms-11301-field_1\">Hur kan vi hj\u00e4lpa till?<\/label><textarea id=\"wpforms-11301-field_1\" class=\"wpforms-field-large\" name=\"wpforms[fields][1]\" placeholder=\"Hur kan vi hj\u00e4lpa till? *\" ><\/textarea><\/div><div id=\"wpforms-11301-field_2-container\" class=\"wpforms-field wpforms-field-name\" data-field-id=\"2\"><label class=\"wpforms-field-label wpforms-label-hide\" for=\"wpforms-11301-field_2\">Namn <span class=\"wpforms-required-label\">*<\/span><\/label><input type=\"text\" id=\"wpforms-11301-field_2\" class=\"wpforms-field-large wpforms-field-required\" name=\"wpforms[fields][2]\" placeholder=\"Namn *\" required><\/div><div id=\"wpforms-11301-field_3-container\" class=\"wpforms-field wpforms-field-name\" data-field-id=\"3\"><label class=\"wpforms-field-label wpforms-label-hide\" for=\"wpforms-11301-field_3\">F\u00f6retag <span class=\"wpforms-required-label\">*<\/span><\/label><input type=\"text\" id=\"wpforms-11301-field_3\" class=\"wpforms-field-large wpforms-field-required\" name=\"wpforms[fields][3]\" placeholder=\"F\u00f6retag *\" required><\/div><div id=\"wpforms-11301-field_4-container\" class=\"wpforms-field wpforms-field-email\" data-field-id=\"4\"><label class=\"wpforms-field-label wpforms-label-hide\" for=\"wpforms-11301-field_4\">E-post <span class=\"wpforms-required-label\">*<\/span><\/label><input type=\"email\" id=\"wpforms-11301-field_4\" class=\"wpforms-field-large wpforms-field-required\" name=\"wpforms[fields][4]\" placeholder=\"E-post *\" spellcheck=\"false\" required><\/div><div id=\"wpforms-11301-field_7-container\" class=\"wpforms-field wpforms-field-html\" data-field-id=\"7\"><div id=\"wpforms-11301-field_7\">* Obligatoriskt\r\n<br \/><br \/>\r\nVi behandlar dina personuppgifter i enlighet med v\u00e5rt <a href=\"https:\/\/cleura.com\/sv\/privacy-notice\/\">integritetsmeddelande<\/a>.<\/div><\/div><\/div><!-- .wpforms-field-container --><div class=\"wpforms-submit-container\" ><input type=\"hidden\" name=\"wpforms[id]\" value=\"11301\"><input type=\"hidden\" name=\"page_title\" value=\"\"><input type=\"hidden\" name=\"page_url\" value=\"https:\/\/cleura.com\/sv\/wp-json\/wp\/v2\/posts\/14294\"><input type=\"hidden\" name=\"url_referer\" value=\"\"><div class=\"frc-captcha \" data-sitekey=\"FCMJ0U90J0RGUVD3\" data-lang=\"sv\" data-puzzle-endpoint=\"https:\/\/eu-api.friendlycaptcha.eu\/api\/v1\/puzzle\"><\/div>\n\t\t<noscript>You need to enable Javascript for the anti-spam check.<\/noscript><button type=\"submit\" name=\"wpforms[submit]\" id=\"wpforms-submit-11301\" class=\"wpforms-submit button-form\" data-alt-text=\"Skickar...\" data-submit-text=\"Skicka\" aria-live=\"assertive\" value=\"wpforms-submit\">Skicka<\/button><img loading=\"lazy\" decoding=\"async\" src=\"https:\/\/cleura.com\/wp-content\/plugins\/wpforms\/assets\/images\/submit-spin.svg\" class=\"wpforms-submit-spinner\" style=\"display: none;\" width=\"26\" height=\"26\" alt=\"Laddar\"><\/div><\/form><\/div>  <!-- .wpforms-container -->","protected":false},"excerpt":{"rendered":"<p>SKR, Digg och 140 AI-miljarder Digitalisering, allts\u00e5 ett f\u00f6r\u00e4ndrat arbetss\u00e4tt med hj\u00e4lp av digital teknik, har stor potential att m\u00f6ta flera av v\u00e4lf\u00e4rdens utmaningar. Det skriver SKR, Sveriges kommuner och regioner, i en rapport. Digg, Myndigheten f\u00f6r digital f\u00f6rvaltning, skrev f\u00f6r en tid sedan att ett fullst\u00e4ndigt inf\u00f6rande av AI-teknik i svensk offentlig f\u00f6rvaltning skulle ge ett ekonomiskt v\u00e4rde p\u00e5 &#8230; <\/p>\n<div><a href=\"https:\/\/cleura.com\/sv\/molnguiden\/perspektiv\/vem-tar-hem-vardet-nar-valfarden-digitaliseras\/\" class=\"more-link\">Read More<\/a><\/div>\n","protected":false},"author":10,"featured_media":14295,"comment_status":"closed","ping_status":"open","sticky":false,"template":"","format":"video","meta":{"footnotes":""},"categories":[761],"tags":[513,763,704],"class_list":["post-14294","post","type-post","status-publish","format-video","has-post-thumbnail","hentry","category-perspektiv","tag-digitalisering","tag-inlasning-konkurrens","tag-offentlig-sektor","post_format-post-format-video"],"yoast_head":"<!-- This site is optimized with the Yoast SEO Premium plugin v27.3 (Yoast SEO v27.3) - https:\/\/yoast.com\/product\/yoast-seo-premium-wordpress\/ -->\n<title>Vem tar hem v\u00e4rdet n\u00e4r v\u00e4lf\u00e4rden digitaliseras? - Cleura<\/title>\n<meta name=\"description\" content=\"Genom ekonomiska tankeexperiment och fakta om inl\u00e5sning tar Molnguiden reda p\u00e5 vem som tar hem v\u00e4rdet n\u00e4r v\u00e4lf\u00e4rden digitaliseras.\" \/>\n<meta name=\"robots\" content=\"index, follow, max-snippet:-1, max-image-preview:large, max-video-preview:-1\" \/>\n<link rel=\"canonical\" href=\"https:\/\/cleura.com\/sv\/molnguiden\/perspektiv\/vem-tar-hem-vardet-nar-valfarden-digitaliseras\/\" \/>\n<meta property=\"og:locale\" content=\"sv_SE\" \/>\n<meta property=\"og:type\" content=\"article\" \/>\n<meta property=\"og:title\" content=\"Vem tar hem v\u00e4rdet n\u00e4r v\u00e4lf\u00e4rden digitaliseras?\" \/>\n<meta property=\"og:description\" content=\"Genom ekonomiska tankeexperiment och fakta om inl\u00e5sning tar Molnguiden reda p\u00e5 vem som tar hem v\u00e4rdet n\u00e4r v\u00e4lf\u00e4rden digitaliseras.\" \/>\n<meta property=\"og:url\" content=\"https:\/\/cleura.com\/sv\/molnguiden\/perspektiv\/vem-tar-hem-vardet-nar-valfarden-digitaliseras\/\" \/>\n<meta property=\"og:site_name\" content=\"Cleura\" \/>\n<meta property=\"article:publisher\" content=\"https:\/\/www.facebook.com\/CleuraCloud\" \/>\n<meta property=\"article:published_time\" content=\"2023-11-03T07:00:00+00:00\" \/>\n<meta property=\"article:modified_time\" content=\"2024-12-13T11:00:40+00:00\" \/>\n<meta property=\"og:image\" content=\"https:\/\/cleura.com\/wp-content\/uploads\/2023\/05\/Molnguiden-7.jpg\" \/>\n\t<meta property=\"og:image:width\" content=\"1280\" \/>\n\t<meta property=\"og:image:height\" content=\"720\" \/>\n\t<meta property=\"og:image:type\" content=\"image\/jpeg\" \/>\n<meta name=\"author\" content=\"Arman\" \/>\n<meta name=\"twitter:card\" content=\"summary_large_image\" \/>\n<meta name=\"twitter:creator\" content=\"@cleuracloud\" \/>\n<meta name=\"twitter:site\" content=\"@cleuracloud\" \/>\n<meta name=\"twitter:label1\" content=\"Skriven av\" \/>\n\t<meta name=\"twitter:data1\" content=\"Arman\" \/>\n\t<meta name=\"twitter:label2\" content=\"Ber\u00e4knad l\u00e4stid\" \/>\n\t<meta name=\"twitter:data2\" content=\"9 minuter\" \/>\n<script type=\"application\/ld+json\" class=\"yoast-schema-graph\">{\"@context\":\"https:\\\/\\\/schema.org\",\"@graph\":[{\"@type\":\"NewsArticle\",\"@id\":\"https:\\\/\\\/cleura.com\\\/sv\\\/molnguiden\\\/perspektiv\\\/vem-tar-hem-vardet-nar-valfarden-digitaliseras\\\/#article\",\"isPartOf\":{\"@id\":\"https:\\\/\\\/cleura.com\\\/sv\\\/molnguiden\\\/perspektiv\\\/vem-tar-hem-vardet-nar-valfarden-digitaliseras\\\/\"},\"author\":{\"name\":\"Arman\",\"@id\":\"https:\\\/\\\/cleura.com\\\/sv\\\/#\\\/schema\\\/person\\\/8f8dd15233a72d7c7255b4be5dc70ab5\"},\"headline\":\"Vem tar hem v\u00e4rdet n\u00e4r v\u00e4lf\u00e4rden digitaliseras?\",\"datePublished\":\"2023-11-03T07:00:00+00:00\",\"dateModified\":\"2024-12-13T11:00:40+00:00\",\"mainEntityOfPage\":{\"@id\":\"https:\\\/\\\/cleura.com\\\/sv\\\/molnguiden\\\/perspektiv\\\/vem-tar-hem-vardet-nar-valfarden-digitaliseras\\\/\"},\"wordCount\":1617,\"publisher\":{\"@id\":\"https:\\\/\\\/cleura.com\\\/sv\\\/#organization\"},\"image\":{\"@id\":\"https:\\\/\\\/cleura.com\\\/sv\\\/molnguiden\\\/perspektiv\\\/vem-tar-hem-vardet-nar-valfarden-digitaliseras\\\/#primaryimage\"},\"thumbnailUrl\":\"https:\\\/\\\/cleura.com\\\/wp-content\\\/uploads\\\/2023\\\/05\\\/Molnguiden-7.jpg\",\"keywords\":[\"Digitalisering\",\"Inl\u00e5sning &amp; Konkurrens\",\"Offentlig sektor\"],\"articleSection\":[\"Perspektiv\"],\"inLanguage\":\"sv-SE\"},{\"@type\":\"WebPage\",\"@id\":\"https:\\\/\\\/cleura.com\\\/sv\\\/molnguiden\\\/perspektiv\\\/vem-tar-hem-vardet-nar-valfarden-digitaliseras\\\/\",\"url\":\"https:\\\/\\\/cleura.com\\\/sv\\\/molnguiden\\\/perspektiv\\\/vem-tar-hem-vardet-nar-valfarden-digitaliseras\\\/\",\"name\":\"Vem tar hem v\u00e4rdet n\u00e4r v\u00e4lf\u00e4rden digitaliseras? - Cleura\",\"isPartOf\":{\"@id\":\"https:\\\/\\\/cleura.com\\\/sv\\\/#website\"},\"primaryImageOfPage\":{\"@id\":\"https:\\\/\\\/cleura.com\\\/sv\\\/molnguiden\\\/perspektiv\\\/vem-tar-hem-vardet-nar-valfarden-digitaliseras\\\/#primaryimage\"},\"image\":{\"@id\":\"https:\\\/\\\/cleura.com\\\/sv\\\/molnguiden\\\/perspektiv\\\/vem-tar-hem-vardet-nar-valfarden-digitaliseras\\\/#primaryimage\"},\"thumbnailUrl\":\"https:\\\/\\\/cleura.com\\\/wp-content\\\/uploads\\\/2023\\\/05\\\/Molnguiden-7.jpg\",\"datePublished\":\"2023-11-03T07:00:00+00:00\",\"dateModified\":\"2024-12-13T11:00:40+00:00\",\"description\":\"Genom ekonomiska tankeexperiment och fakta om inl\u00e5sning tar Molnguiden reda p\u00e5 vem som tar hem v\u00e4rdet n\u00e4r v\u00e4lf\u00e4rden digitaliseras.\",\"breadcrumb\":{\"@id\":\"https:\\\/\\\/cleura.com\\\/sv\\\/molnguiden\\\/perspektiv\\\/vem-tar-hem-vardet-nar-valfarden-digitaliseras\\\/#breadcrumb\"},\"inLanguage\":\"sv-SE\",\"potentialAction\":[{\"@type\":\"ReadAction\",\"target\":[\"https:\\\/\\\/cleura.com\\\/sv\\\/molnguiden\\\/perspektiv\\\/vem-tar-hem-vardet-nar-valfarden-digitaliseras\\\/\"]}]},{\"@type\":\"ImageObject\",\"inLanguage\":\"sv-SE\",\"@id\":\"https:\\\/\\\/cleura.com\\\/sv\\\/molnguiden\\\/perspektiv\\\/vem-tar-hem-vardet-nar-valfarden-digitaliseras\\\/#primaryimage\",\"url\":\"https:\\\/\\\/cleura.com\\\/wp-content\\\/uploads\\\/2023\\\/05\\\/Molnguiden-7.jpg\",\"contentUrl\":\"https:\\\/\\\/cleura.com\\\/wp-content\\\/uploads\\\/2023\\\/05\\\/Molnguiden-7.jpg\",\"width\":1280,\"height\":720,\"caption\":\"Vem tar hem v\u00e4rdet n\u00e4r v\u00e4lf\u00e4rden digitaliseras?\"},{\"@type\":\"BreadcrumbList\",\"@id\":\"https:\\\/\\\/cleura.com\\\/sv\\\/molnguiden\\\/perspektiv\\\/vem-tar-hem-vardet-nar-valfarden-digitaliseras\\\/#breadcrumb\",\"itemListElement\":[{\"@type\":\"ListItem\",\"position\":1,\"name\":\"Hem\",\"item\":\"https:\\\/\\\/cleura.com\\\/sv\\\/cleura-det-europeiska-molnet\\\/\"},{\"@type\":\"ListItem\",\"position\":2,\"name\":\"Vem tar hem v\u00e4rdet n\u00e4r v\u00e4lf\u00e4rden digitaliseras?\"}]},{\"@type\":\"WebSite\",\"@id\":\"https:\\\/\\\/cleura.com\\\/sv\\\/#website\",\"url\":\"https:\\\/\\\/cleura.com\\\/sv\\\/\",\"name\":\"Cleura\",\"description\":\"Freedom to innovate\",\"publisher\":{\"@id\":\"https:\\\/\\\/cleura.com\\\/sv\\\/#organization\"},\"potentialAction\":[{\"@type\":\"SearchAction\",\"target\":{\"@type\":\"EntryPoint\",\"urlTemplate\":\"https:\\\/\\\/cleura.com\\\/sv\\\/?s={search_term_string}\"},\"query-input\":{\"@type\":\"PropertyValueSpecification\",\"valueRequired\":true,\"valueName\":\"search_term_string\"}}],\"inLanguage\":\"sv-SE\"},{\"@type\":\"Organization\",\"@id\":\"https:\\\/\\\/cleura.com\\\/sv\\\/#organization\",\"name\":\"Cleura\",\"url\":\"https:\\\/\\\/cleura.com\\\/sv\\\/\",\"logo\":{\"@type\":\"ImageObject\",\"inLanguage\":\"sv-SE\",\"@id\":\"https:\\\/\\\/cleura.com\\\/sv\\\/#\\\/schema\\\/logo\\\/image\\\/\",\"url\":\"https:\\\/\\\/cleura.com\\\/wp-content\\\/uploads\\\/2022\\\/04\\\/Cleura-Logotyp-Svart.png\",\"contentUrl\":\"https:\\\/\\\/cleura.com\\\/wp-content\\\/uploads\\\/2022\\\/04\\\/Cleura-Logotyp-Svart.png\",\"width\":1000,\"height\":237,\"caption\":\"Cleura\"},\"image\":{\"@id\":\"https:\\\/\\\/cleura.com\\\/sv\\\/#\\\/schema\\\/logo\\\/image\\\/\"},\"sameAs\":[\"https:\\\/\\\/www.facebook.com\\\/CleuraCloud\",\"https:\\\/\\\/x.com\\\/cleuracloud\",\"https:\\\/\\\/www.linkedin.com\\\/company\\\/cleura\",\"https:\\\/\\\/www.youtube.com\\\/c\\\/Cleura\"]},{\"@type\":\"Person\",\"@id\":\"https:\\\/\\\/cleura.com\\\/sv\\\/#\\\/schema\\\/person\\\/8f8dd15233a72d7c7255b4be5dc70ab5\",\"name\":\"Arman\",\"image\":{\"@type\":\"ImageObject\",\"inLanguage\":\"sv-SE\",\"@id\":\"https:\\\/\\\/secure.gravatar.com\\\/avatar\\\/91fad1e47ea4f9c065d4d3eb955c2c26cce7c53dee69f2f9555c4fbc4a3a97c4?s=96&d=mm&r=g\",\"url\":\"https:\\\/\\\/secure.gravatar.com\\\/avatar\\\/91fad1e47ea4f9c065d4d3eb955c2c26cce7c53dee69f2f9555c4fbc4a3a97c4?s=96&d=mm&r=g\",\"contentUrl\":\"https:\\\/\\\/secure.gravatar.com\\\/avatar\\\/91fad1e47ea4f9c065d4d3eb955c2c26cce7c53dee69f2f9555c4fbc4a3a97c4?s=96&d=mm&r=g\",\"caption\":\"Arman\"}}]}<\/script>\n<!-- \/ Yoast SEO Premium plugin. -->","yoast_head_json":{"title":"Vem tar hem v\u00e4rdet n\u00e4r v\u00e4lf\u00e4rden digitaliseras? - Cleura","description":"Genom ekonomiska tankeexperiment och fakta om inl\u00e5sning tar Molnguiden reda p\u00e5 vem som tar hem v\u00e4rdet n\u00e4r v\u00e4lf\u00e4rden digitaliseras.","robots":{"index":"index","follow":"follow","max-snippet":"max-snippet:-1","max-image-preview":"max-image-preview:large","max-video-preview":"max-video-preview:-1"},"canonical":"https:\/\/cleura.com\/sv\/molnguiden\/perspektiv\/vem-tar-hem-vardet-nar-valfarden-digitaliseras\/","og_locale":"sv_SE","og_type":"article","og_title":"Vem tar hem v\u00e4rdet n\u00e4r v\u00e4lf\u00e4rden digitaliseras?","og_description":"Genom ekonomiska tankeexperiment och fakta om inl\u00e5sning tar Molnguiden reda p\u00e5 vem som tar hem v\u00e4rdet n\u00e4r v\u00e4lf\u00e4rden digitaliseras.","og_url":"https:\/\/cleura.com\/sv\/molnguiden\/perspektiv\/vem-tar-hem-vardet-nar-valfarden-digitaliseras\/","og_site_name":"Cleura","article_publisher":"https:\/\/www.facebook.com\/CleuraCloud","article_published_time":"2023-11-03T07:00:00+00:00","article_modified_time":"2024-12-13T11:00:40+00:00","og_image":[{"width":1280,"height":720,"url":"https:\/\/cleura.com\/wp-content\/uploads\/2023\/05\/Molnguiden-7.jpg","type":"image\/jpeg"}],"author":"Arman","twitter_card":"summary_large_image","twitter_creator":"@cleuracloud","twitter_site":"@cleuracloud","twitter_misc":{"Skriven av":"Arman","Ber\u00e4knad l\u00e4stid":"9 minuter"},"schema":{"@context":"https:\/\/schema.org","@graph":[{"@type":"NewsArticle","@id":"https:\/\/cleura.com\/sv\/molnguiden\/perspektiv\/vem-tar-hem-vardet-nar-valfarden-digitaliseras\/#article","isPartOf":{"@id":"https:\/\/cleura.com\/sv\/molnguiden\/perspektiv\/vem-tar-hem-vardet-nar-valfarden-digitaliseras\/"},"author":{"name":"Arman","@id":"https:\/\/cleura.com\/sv\/#\/schema\/person\/8f8dd15233a72d7c7255b4be5dc70ab5"},"headline":"Vem tar hem v\u00e4rdet n\u00e4r v\u00e4lf\u00e4rden digitaliseras?","datePublished":"2023-11-03T07:00:00+00:00","dateModified":"2024-12-13T11:00:40+00:00","mainEntityOfPage":{"@id":"https:\/\/cleura.com\/sv\/molnguiden\/perspektiv\/vem-tar-hem-vardet-nar-valfarden-digitaliseras\/"},"wordCount":1617,"publisher":{"@id":"https:\/\/cleura.com\/sv\/#organization"},"image":{"@id":"https:\/\/cleura.com\/sv\/molnguiden\/perspektiv\/vem-tar-hem-vardet-nar-valfarden-digitaliseras\/#primaryimage"},"thumbnailUrl":"https:\/\/cleura.com\/wp-content\/uploads\/2023\/05\/Molnguiden-7.jpg","keywords":["Digitalisering","Inl\u00e5sning &amp; Konkurrens","Offentlig sektor"],"articleSection":["Perspektiv"],"inLanguage":"sv-SE"},{"@type":"WebPage","@id":"https:\/\/cleura.com\/sv\/molnguiden\/perspektiv\/vem-tar-hem-vardet-nar-valfarden-digitaliseras\/","url":"https:\/\/cleura.com\/sv\/molnguiden\/perspektiv\/vem-tar-hem-vardet-nar-valfarden-digitaliseras\/","name":"Vem tar hem v\u00e4rdet n\u00e4r v\u00e4lf\u00e4rden digitaliseras? - Cleura","isPartOf":{"@id":"https:\/\/cleura.com\/sv\/#website"},"primaryImageOfPage":{"@id":"https:\/\/cleura.com\/sv\/molnguiden\/perspektiv\/vem-tar-hem-vardet-nar-valfarden-digitaliseras\/#primaryimage"},"image":{"@id":"https:\/\/cleura.com\/sv\/molnguiden\/perspektiv\/vem-tar-hem-vardet-nar-valfarden-digitaliseras\/#primaryimage"},"thumbnailUrl":"https:\/\/cleura.com\/wp-content\/uploads\/2023\/05\/Molnguiden-7.jpg","datePublished":"2023-11-03T07:00:00+00:00","dateModified":"2024-12-13T11:00:40+00:00","description":"Genom ekonomiska tankeexperiment och fakta om inl\u00e5sning tar Molnguiden reda p\u00e5 vem som tar hem v\u00e4rdet n\u00e4r v\u00e4lf\u00e4rden digitaliseras.","breadcrumb":{"@id":"https:\/\/cleura.com\/sv\/molnguiden\/perspektiv\/vem-tar-hem-vardet-nar-valfarden-digitaliseras\/#breadcrumb"},"inLanguage":"sv-SE","potentialAction":[{"@type":"ReadAction","target":["https:\/\/cleura.com\/sv\/molnguiden\/perspektiv\/vem-tar-hem-vardet-nar-valfarden-digitaliseras\/"]}]},{"@type":"ImageObject","inLanguage":"sv-SE","@id":"https:\/\/cleura.com\/sv\/molnguiden\/perspektiv\/vem-tar-hem-vardet-nar-valfarden-digitaliseras\/#primaryimage","url":"https:\/\/cleura.com\/wp-content\/uploads\/2023\/05\/Molnguiden-7.jpg","contentUrl":"https:\/\/cleura.com\/wp-content\/uploads\/2023\/05\/Molnguiden-7.jpg","width":1280,"height":720,"caption":"Vem tar hem v\u00e4rdet n\u00e4r v\u00e4lf\u00e4rden digitaliseras?"},{"@type":"BreadcrumbList","@id":"https:\/\/cleura.com\/sv\/molnguiden\/perspektiv\/vem-tar-hem-vardet-nar-valfarden-digitaliseras\/#breadcrumb","itemListElement":[{"@type":"ListItem","position":1,"name":"Hem","item":"https:\/\/cleura.com\/sv\/cleura-det-europeiska-molnet\/"},{"@type":"ListItem","position":2,"name":"Vem tar hem v\u00e4rdet n\u00e4r v\u00e4lf\u00e4rden digitaliseras?"}]},{"@type":"WebSite","@id":"https:\/\/cleura.com\/sv\/#website","url":"https:\/\/cleura.com\/sv\/","name":"Cleura","description":"Freedom to innovate","publisher":{"@id":"https:\/\/cleura.com\/sv\/#organization"},"potentialAction":[{"@type":"SearchAction","target":{"@type":"EntryPoint","urlTemplate":"https:\/\/cleura.com\/sv\/?s={search_term_string}"},"query-input":{"@type":"PropertyValueSpecification","valueRequired":true,"valueName":"search_term_string"}}],"inLanguage":"sv-SE"},{"@type":"Organization","@id":"https:\/\/cleura.com\/sv\/#organization","name":"Cleura","url":"https:\/\/cleura.com\/sv\/","logo":{"@type":"ImageObject","inLanguage":"sv-SE","@id":"https:\/\/cleura.com\/sv\/#\/schema\/logo\/image\/","url":"https:\/\/cleura.com\/wp-content\/uploads\/2022\/04\/Cleura-Logotyp-Svart.png","contentUrl":"https:\/\/cleura.com\/wp-content\/uploads\/2022\/04\/Cleura-Logotyp-Svart.png","width":1000,"height":237,"caption":"Cleura"},"image":{"@id":"https:\/\/cleura.com\/sv\/#\/schema\/logo\/image\/"},"sameAs":["https:\/\/www.facebook.com\/CleuraCloud","https:\/\/x.com\/cleuracloud","https:\/\/www.linkedin.com\/company\/cleura","https:\/\/www.youtube.com\/c\/Cleura"]},{"@type":"Person","@id":"https:\/\/cleura.com\/sv\/#\/schema\/person\/8f8dd15233a72d7c7255b4be5dc70ab5","name":"Arman","image":{"@type":"ImageObject","inLanguage":"sv-SE","@id":"https:\/\/secure.gravatar.com\/avatar\/91fad1e47ea4f9c065d4d3eb955c2c26cce7c53dee69f2f9555c4fbc4a3a97c4?s=96&d=mm&r=g","url":"https:\/\/secure.gravatar.com\/avatar\/91fad1e47ea4f9c065d4d3eb955c2c26cce7c53dee69f2f9555c4fbc4a3a97c4?s=96&d=mm&r=g","contentUrl":"https:\/\/secure.gravatar.com\/avatar\/91fad1e47ea4f9c065d4d3eb955c2c26cce7c53dee69f2f9555c4fbc4a3a97c4?s=96&d=mm&r=g","caption":"Arman"}}]}},"_links":{"self":[{"href":"https:\/\/cleura.com\/sv\/wp-json\/wp\/v2\/posts\/14294","targetHints":{"allow":["GET"]}}],"collection":[{"href":"https:\/\/cleura.com\/sv\/wp-json\/wp\/v2\/posts"}],"about":[{"href":"https:\/\/cleura.com\/sv\/wp-json\/wp\/v2\/types\/post"}],"author":[{"embeddable":true,"href":"https:\/\/cleura.com\/sv\/wp-json\/wp\/v2\/users\/10"}],"replies":[{"embeddable":true,"href":"https:\/\/cleura.com\/sv\/wp-json\/wp\/v2\/comments?post=14294"}],"version-history":[{"count":11,"href":"https:\/\/cleura.com\/sv\/wp-json\/wp\/v2\/posts\/14294\/revisions"}],"predecessor-version":[{"id":21898,"href":"https:\/\/cleura.com\/sv\/wp-json\/wp\/v2\/posts\/14294\/revisions\/21898"}],"wp:featuredmedia":[{"embeddable":true,"href":"https:\/\/cleura.com\/sv\/wp-json\/wp\/v2\/media\/14295"}],"wp:attachment":[{"href":"https:\/\/cleura.com\/sv\/wp-json\/wp\/v2\/media?parent=14294"}],"wp:term":[{"taxonomy":"category","embeddable":true,"href":"https:\/\/cleura.com\/sv\/wp-json\/wp\/v2\/categories?post=14294"},{"taxonomy":"post_tag","embeddable":true,"href":"https:\/\/cleura.com\/sv\/wp-json\/wp\/v2\/tags?post=14294"}],"curies":[{"name":"wp","href":"https:\/\/api.w.org\/{rel}","templated":true}]}}