{"id":22362,"date":"2025-01-23T16:49:20","date_gmt":"2025-01-23T15:49:20","guid":{"rendered":"https:\/\/cleura.com\/?p=22362"},"modified":"2026-01-02T11:36:32","modified_gmt":"2026-01-02T10:36:32","slug":"trump-rattsstaten-och-adekvansbeslutet","status":"publish","type":"post","link":"https:\/\/cleura.com\/sv\/molnguiden\/perspektiv\/trump-rattsstaten-och-adekvansbeslutet\/","title":{"rendered":"Trump, r\u00e4ttsstaten och adekvansbeslutet"},"content":{"rendered":"\n<p><em>F\u00f6rfattare: Arman Borghem, Regulatory and Compliance Advisor p\u00e5 Cleura<\/em><\/p>\n\n\n\n<h2 class=\"wp-block-heading\" id=\"h-quis-custodiet-ipsos-custodes\">Quis custodiet ipsos custodes?<\/h2>\n\n\n\n<p>Tv\u00e5 dagar efter att Donald Trump tilltr\u00e4dde som president framkom att han <a href=\"https:\/\/www.nytimes.com\/2025\/01\/22\/us\/trump-privacy-civil-liberties-oversight-board.html\" target=\"_blank\" rel=\"noreferrer noopener\">agerat f\u00f6r att paralysera Privacy and Civil Liberties Oversight Board<\/a> (PCLOB).<\/p>\n\n\n\n<p><em>Quis custodiet ipsos custodes?<\/em> \u00e4r en latinsk fras som kan \u00f6vers\u00e4ttas som <em>Vem vaktar v\u00e4ktarna?<\/em><\/p>\n\n\n\n<p>PCLOB \u00e4r p\u00e5 pappret en sj\u00e4lvst\u00e4ndig myndighet under USA:s regering som ska \u00f6vervaka \u00f6vervakningsmyndigheterna. PCLOB har bland annat gett ut rapporter och rekommendationer som r\u00f6r amerikansk \u00f6vervakning. Myndigheten \u00e4r t\u00e4nkt att ha fem ledam\u00f6ter, som v\u00e4ljs ut av b\u00e5de demokrater och republikaner. Ledam\u00f6terna ges f\u00f6rh\u00e5llandevis l\u00e5nga mandat p\u00e5 sex \u00e5r.<\/p>\n\n\n\n<p>N\u00e4r Trump agerade mot myndigheten hade den fyra tillsatta ledam\u00f6ter och en vakant post. PCLOB beh\u00f6ver minst tre ledam\u00f6ter f\u00f6r att myndigheten ska vara beslutsf\u00f6r.<\/p>\n\n\n\n<p>Trump tilltr\u00e4dde m\u00e5ndag den 20 januari 2025. P\u00e5 tisdag kv\u00e4ll fick tre av ledam\u00f6terna \u2013 samtliga utsedda av demokrater \u2013 ett mejl fr\u00e5n Vita huset. D\u00e4r blev de tillsagda att skicka in sina avskedsbrev innan arbetsdagens slut p\u00e5 torsdagen. Annars skulle Trump ge dem sparken.<\/p>\n\n\n\n<p>Avskedsbreven uteblev. Trump verkst\u00e4llde sitt hot <a href=\"https:\/\/thehill.com\/homenews\/administration\/5109672-trump-fires-all-three-democrats-on-privacy-oversight-board\/\">p\u00e5 m\u00e5ndagen<\/a>, en vecka efter att han tilltr\u00e4dde.<\/p>\n\n\n\n<h2 class=\"wp-block-heading\" id=\"h-pclob-och-oberoendet\">PCLOB och oberoendet<\/h2>\n\n\n\n<p>PCLOB har en uppgift som \u00e4r s\u00e4rskilt betydelsefull ur ett europeiskt perspektiv. Myndigheten \u00e4r den del av de f\u00f6r\u00e4ndringar som USA genomf\u00f6rde f\u00f6r att tillm\u00f6tesg\u00e5 EU-kommissionen efter Schrems II-domen och erh\u00e5lla ett <a href=\"https:\/\/eur-lex.europa.eu\/eli\/dec_impl\/2023\/1795\/oj\" target=\"_blank\" rel=\"noreferrer noopener\">tredje beslut om adekvat skyddsniv\u00e5<\/a>. Detta adekvansbeslut m\u00f6jligg\u00f6r \u00f6verf\u00f6ringar av personuppgifter fr\u00e5n EU till sj\u00e4lvcertifierade mottagare i USA.<\/p>\n\n\n\n<p>Executive Order 14086 (EO 14086) ligger till grund f\u00f6r de f\u00f6r\u00e4ndringar som USA genomf\u00f6rt. Den beskriver en \u00e5rlig granskning, genomf\u00f6rd av PCLOB, avseende den pr\u00f6vningsmekanism som inr\u00e4ttas genom den s.k. Data Protection Review Court (DPRC). PCLOB skulle d\u00e5 bland annat granska om DPRC agerar i enlighet med EO 14086 samt om underr\u00e4ttelsetj\u00e4nsterna fullt ut agerar i enlighet med DPRC:s avg\u00f6randen.<sup data-fn=\"b4384316-e976-4e49-b1ec-909b20b3e0bb\" class=\"fn\"><a id=\"b4384316-e976-4e49-b1ec-909b20b3e0bb-link\" href=\"#b4384316-e976-4e49-b1ec-909b20b3e0bb\">1<\/a><\/sup><\/p>\n\n\n\n<p>EU-kommissionens adekvansbeslut n\u00e4mner i sin tur PCLOB p\u00e5 31 st\u00e4llen.<\/p>\n\n\n\n<p>Adekvansbeslutet lyfter bland annat hur PCLOB \u00f6vervakar underr\u00e4ttelsemyndigheterna och att PCLOB d\u00e5 har r\u00e4tt att ta del av n\u00f6dv\u00e4ndig dokumentation, inklusive hemligst\u00e4mplad information, samt genomf\u00f6ra intervjuer; att underr\u00e4ttelsetj\u00e4nsterna har utsedda personer som rapporterar till PCLOB om klagom\u00e5l och interna granskningar; att PCLOB ska konsulteras n\u00e4r justitieministern tills\u00e4tter ledam\u00f6ter till DPRC; samt att PCLOB ska genomf\u00f6ra en regelbunden och oberoende granskning av hur DPRC fungerar.<sup data-fn=\"148245d3-d33b-4312-945e-c37b3f2b9e88\" class=\"fn\"><a id=\"148245d3-d33b-4312-945e-c37b3f2b9e88-link\" href=\"#148245d3-d33b-4312-945e-c37b3f2b9e88\">2<\/a><\/sup><\/p>\n\n\n\n<p>Denna sistn\u00e4mnda roll, att granska pr\u00f6vningsinstansen, beskrivs s\u00e5h\u00e4r i adekvansbeslutet (fotnot utel\u00e4mnad):<\/p>\n\n\n\n<p><em>\u201dSlutligen kommer denna pr\u00f6vningsmekanisms korrekta funktion att utv\u00e4rderas regelbundet och oberoende. Enligt dekret 14086 \u00e4r pr\u00f6vningsmekanismens funktion f\u00f6rem\u00e5l f\u00f6r \u00e5rlig \u00f6versyn av PCLOB, ett oberoende organ (se sk\u00e4l 110). Som en del av denna \u00f6versyn kommer PCLOB bland annat att bed\u00f6ma huruvida ODNI CLPO och <em>[DPRC]<\/em> har behandlat klagom\u00e5l i god tid, huruvida de har f\u00e5tt fullst\u00e4ndig tillg\u00e5ng till n\u00f6dv\u00e4ndig information, huruvida de materiella skydds\u00e5tg\u00e4rderna enligt dekret 14086 har beaktats korrekt i \u00f6versynsprocessen, och huruvida underr\u00e4ttelsegemenskapen till fullo har f\u00f6ljt de beslut som fattats av ODNI CLPO och [DPRC]. PCLOB kommer att utarbeta en rapport om resultatet av sin \u00f6versyn till ordf\u00f6randen, justitieministern, direkt\u00f6ren f\u00f6r den nationella underr\u00e4ttelsetj\u00e4nsten, cheferna f\u00f6r underr\u00e4ttelsemyndigheterna, ODNI CLPO och kongressens underr\u00e4ttelsekommitt\u00e9er, som ocks\u00e5 kommer att offentligg\u00f6ras i en icke-sekretessbelagd version \u2013 och som i sin tur kommer att bidra till den regelbundna \u00f6versynen av hur detta beslut fungerar, som kommer att genomf\u00f6ras av kommissionen. Justitieministern, direkt\u00f6ren f\u00f6r den nationella underr\u00e4ttelsetj\u00e4nsten, ODNI CLPO och cheferna f\u00f6r underr\u00e4ttelsemyndigheterna \u00e4r skyldiga att genomf\u00f6ra eller p\u00e5 annat s\u00e4tt f\u00f6lja alla rekommendationer i s\u00e5dana rapporter. Dessutom kommer PCLOB att g\u00f6ra en \u00e5rlig offentlig certifiering av huruvida pr\u00f6vningsmekanismen behandlar klagom\u00e5l i enlighet med kraven i dekret 14086.\u201d<\/em><sup data-fn=\"e9b4a281-0fc0-4157-8355-e8a9cc267e77\" class=\"fn\"><a id=\"e9b4a281-0fc0-4157-8355-e8a9cc267e77-link\" href=\"#e9b4a281-0fc0-4157-8355-e8a9cc267e77\">3<\/a><\/sup><\/p>\n\n\n\n<p>Jag har tidigare skrivit om adekvansbeslutet och varf\u00f6r <a href=\"https:\/\/cleura.com\/sv\/molnguiden\/rapport\/vad-din-verksamhet-behover-veta-om-det-tredje-adekvansbeslutet\/#h-executive-order-14086\" target=\"_blank\" rel=\"noreferrer noopener\">Executive Order 14086<\/a> och den s.k. <a href=\"https:\/\/cleura.com\/sv\/molnguiden\/rapport\/vad-din-verksamhet-behover-veta-om-det-tredje-adekvansbeslutet\/#h-data-protection-review-court\" target=\"_blank\" rel=\"noreferrer noopener\">Data Protection Review Court<\/a> inte r\u00e4cker till f\u00f6r att m\u00f6ta EU-r\u00e4ttens krav. Jag menar d\u00e4rf\u00f6r att mycket talar f\u00f6r att adekvansbeslutet skulle ogiltigf\u00f6rklaras vid en granskning i EU-domstolen. PCLOB \u00e4r en del av detta system och kan inte ensamt r\u00e5 p\u00e5 de brister som finns.<\/p>\n\n\n\n<p>Oaktat det s\u00e5 har PCLOB, \u00e5tminstone i teorin, st\u00e5tt f\u00f6r n\u00e5gon form av oberoende \u00f6vervakning av den \u00f6vervakande makten. Verksamheten var till en b\u00f6rjan placerad i Vita huset men gavs sedermera en relativt st\u00f6rre grad av sj\u00e4lvst\u00e4ndighet. \u00c4ven om PCLOB inte kan s\u00e4gas ha s\u00e4kerst\u00e4llt v\u00e4rnandet av r\u00e4ttsstaten i \u00f6vervakningssammanhang, s\u00e5 hade myndigheten \u00f6ver tid kanske kunnat vidareutvecklas i den riktningen.<\/p>\n\n\n\n<h2 class=\"wp-block-heading\" id=\"h-rattsstatsprincipen-och-trumps-agerande\">R\u00e4ttsstatsprincipen och Trumps agerande<\/h2>\n\n\n\n<p>Vad inneb\u00e4r d\u00e5 r\u00e4ttsstatsprincipen, och vilken betydelse f\u00e5r Trumps agerande?<\/p>\n\n\n\n<p>R\u00e4ttsstatsprincipen syftar till att f\u00f6rhindra eller begr\u00e4nsa godtycklig maktut\u00f6vning.<sup data-fn=\"a3c612d0-ae6a-45b2-836e-fd6a62078fee\" class=\"fn\"><a id=\"a3c612d0-ae6a-45b2-836e-fd6a62078fee-link\" href=\"#a3c612d0-ae6a-45b2-836e-fd6a62078fee\">4<\/a><\/sup><\/p>\n\n\n\n<p>B\u00e5de Europar\u00e5det och det som skulle bli Europeiska unionen bildades mot bakgrund av arvet fr\u00e5n andra v\u00e4rldskriget. Unionens f\u00f6rdrag och stadga lyfter fram r\u00e4ttsstatsprincipen. R\u00e4ttsstatsprincipen n\u00e4mns \u00e4ven i Europakonventionens inledning. B\u00e5de EU-domstolen och Europadomstolen har betonat vikten av r\u00e4ttsstatsprincipen i avg\u00f6randen som ber\u00f6rt signalunderr\u00e4ttelseinh\u00e4mtning.<sup data-fn=\"0937d236-b892-4b54-888a-3eaa97ae29fe\" class=\"fn\"><a id=\"0937d236-b892-4b54-888a-3eaa97ae29fe-link\" href=\"#0937d236-b892-4b54-888a-3eaa97ae29fe\">5<\/a><\/sup><\/p>\n\n\n\n<p>Trumps agerande, som \u00e4r sv\u00e5rt att beskriva som n\u00e5got annat \u00e4n ett uttryck f\u00f6r skriande f\u00f6rakt f\u00f6r r\u00e4ttsstatsprincipen, sl\u00e5r allt detta i spillror. Det kan inte l\u00e4ngre finnas n\u00e5gra illusioner om PCLOB-ledam\u00f6ternas oberoende: det \u00e4r som bortbl\u00e5st. Vem kommer att lita p\u00e5 att utsedda ers\u00e4ttningsledam\u00f6ter \u2013 oavsett partif\u00e4rg \u2013 kan agera sj\u00e4lvst\u00e4ndigt s\u00e5 l\u00e4nge Trump \u00e4r president?<\/p>\n\n\n\n<p>En s\u00e4rskild ombudsperson (\u201dSpecial Advocate\u201d) i DPRC har d\u00e4rtill redan <a href=\"https:\/\/www.lawfaremedia.org\/article\/never-means-never\" target=\"_blank\" rel=\"noreferrer noopener\">l\u00e4mnat sin post p\u00e5 eget initiativ<\/a> i protest mot Trump.<\/p>\n\n\n\n<p>New York Times <a href=\"https:\/\/www.nytimes.com\/2025\/01\/22\/us\/trump-privacy-civil-liberties-oversight-board.html\">rapporterar<\/a>:<\/p>\n\n\n\n<p><em>\u201dAdvisers to Mr. Trump subscribe to a strong view of presidential power called the unitary executive theory, under which the Constitution should be interpreted as giving presidents exclusive control of the executive branch and independent agencies are considered illegitimate. During the campaign, Trump allies <a href=\"https:\/\/www.nytimes.com\/2023\/07\/17\/us\/politics\/trump-plans-2025.html\" target=\"_blank\" rel=\"noreferrer noopener\">vowed to stomp out pockets of independence in the executive branch<\/a> if he won the election.\u201d<\/em><\/p>\n\n\n\n<p>Genom sitt agerande mot PCLOB har Trump levererat p\u00e5 detta ocks\u00e5 vad g\u00e4ller presidentens syn p\u00e5 \u00f6vervakning och (o)vilja att l\u00e5ta makten granskas i det sammanhanget.<\/p>\n\n\n\n<p>Fr\u00e5gan \u00e4r om DPRC st\u00e5r n\u00e4st p\u00e5 tur.<\/p>\n\n\n\n<p>Executive Order 14086 anger visserligen att DPRC-ledam\u00f6terna f\u00e5r ett skydd f\u00f6r sina poster \u2013 i f\u00f6rh\u00e5llande till <em>justitieministern<\/em>, som beh\u00f6ver godtagbara sk\u00e4l f\u00f6r att avl\u00e4gsna ledam\u00f6ter.<sup data-fn=\"883987f6-1c26-48c3-ad2e-bb215bb092e1\" class=\"fn\"><a id=\"883987f6-1c26-48c3-ad2e-bb215bb092e1-link\" href=\"#883987f6-1c26-48c3-ad2e-bb215bb092e1\">6<\/a><\/sup> Men Trump \u00e4r <em>president<\/em> och st\u00e5r \u00f6ver justitieministern. Det \u00e4r inte sv\u00e5rt att f\u00f6rest\u00e4lla sig att DPRC-ledam\u00f6terna, som ska behandla europ\u00e9ers klagom\u00e5l om \u00f6vervakning, just nu st\u00e4ller sig fr\u00e5gan om presidenten har \u00e4ven dem i sikte.<\/p>\n\n\n\n<p>Kanske har hot eller repressalier redan riktats mot DPRC-ledam\u00f6terna utan att vi vet om det. Kanske kommer det ske i framtiden. Oavsett \u00e4r skadan redan skedd: hur ska vi nu kunna lita p\u00e5 att DPRC:s ledam\u00f6ter k\u00e4nner sig trygga i sina \u00e4mbeten och fattar oberoende beslut? S\u00e4rskilt n\u00e4r PCLOB \u2013 vars eget oberoende satts ur spel \u2013 skulle vara den kraft som granskade DPRC p\u00e5 ett oberoende s\u00e4tt.<\/p>\n\n\n\n<p>F\u00f6r den som vill underminera eller p\u00e5verka DPRC \u00e4r det logiskt att b\u00f6rja med att angripa PCLOB, som annars hade kunnat granska DPRC som en del av sitt uppdrag och d\u00e5 lyfta farh\u00e5gor och belysa missf\u00f6rh\u00e5llanden.<\/p>\n\n\n\n<p>Trumps agerande mot PCLOB f\u00e5r d\u00e4rmed s\u00e4gas ha lagt sig som en v\u00e5t filt \u00f6ver hela pr\u00f6vningssystemets legitimitet och trov\u00e4rdighet.<\/p>\n\n\n\n<h2 class=\"wp-block-heading\" id=\"h-paverkan-pa-adekvansbeslutet\">P\u00e5verkan p\u00e5 adekvansbeslutet<\/h2>\n\n\n\n<p>Ett adekvansbeslut \u00e4r giltigt till dess att EU-kommissionen drar tillbaka det eller EU-domstolen ogiltigf\u00f6rklarar det. Ett tredjeland med ett adekvansbeslut kan allts\u00e5 kastas in i anarki, oligarki eller diktatur utan att adekvansbeslutet \u00f6ver huvud taget p\u00e5verkas p\u00e5 ett formellt plan.<\/p>\n\n\n\n<p>Med det sagt s\u00e5 undergr\u00e4ver givetvis det som har h\u00e4nt den grund som adekvansbeslutet vilar p\u00e5.<\/p>\n\n\n\n<p>Det framst\u00e5r d\u00e4rf\u00f6r som l\u00e4mpligt f\u00f6r EU-kommissionen att agera p\u00e5 n\u00e5got s\u00e4tt. Till en b\u00f6rjan genom att uttrycka sin oro och st\u00e4lla fr\u00e5gor till sina motparter i USA (om s\u00e5dana kontakter hunnit etableras) samt noga se \u00f6ver situationen. N\u00e4sta fr\u00e5ga blir vilken politisk vilja det finns bland EU:s regeringar att st\u00e5 upp f\u00f6r r\u00e4ttsstatsprincipen. F\u00e5r EU-kommissionen mandat att dra tillbaka adekvansbeslutet, eftersom det fattades utifr\u00e5n f\u00f6ruts\u00e4ttningar som inte l\u00e4ngre finns p\u00e5 plats?<\/p>\n\n\n\n<p>EU:s medlemsstater borde rimligtvis tydligt st\u00e5 upp f\u00f6r r\u00e4ttsstatsprincipen som ett av unionens grundl\u00e4ggande v\u00e4rden. Inte minst i en tid n\u00e4r en allt st\u00f6rre del av v\u00e5ra digitala liv hanteras hos ett f\u00e5tal amerikanska molntj\u00e4nstleverant\u00f6rer som alla lyder under samma \u00f6vervakningslagstiftning.<sup data-fn=\"6c3982c9-612b-40b4-af76-a8d9714c2fe2\" class=\"fn\"><a id=\"6c3982c9-612b-40b4-af76-a8d9714c2fe2-link\" href=\"#6c3982c9-612b-40b4-af76-a8d9714c2fe2\">7<\/a><\/sup><\/p>\n\n\n\n<p>Som EU-domstolens ordf\u00f6rande Koen Lenaerts <a href=\"https:\/\/www.wsj.com\/articles\/european-court-chief-defends-decision-to-strike-down-data-transfer-agreement-1444768419\" target=\"_blank\" rel=\"noreferrer noopener\">uttryckte saken<\/a> \u00e5r 2015, efter att Safe Harbour-beslutet ogiltigf\u00f6rklarades: \u201dEuropa f\u00e5r inte sk\u00e4mmas f\u00f6r sina grundl\u00e4ggande principer: r\u00e4ttsstaten \u00e4r inte till salu.\u201d<\/p>\n\n\n\n<p>Dessutom kan situationen inom kort bli sju resor v\u00e4rre. Max Schrems p\u00e5 noyb <a href=\"https:\/\/noyb.eu\/en\/us-cloud-soon-illegal-trump-punches-first-hole-eu-us-data-deal\" target=\"_blank\" rel=\"noreferrer noopener\">skriver<\/a>:<\/p>\n\n\n\n<p><em>\u201d<strong>41 days for next crunch point<\/strong>. In <a href=\"https:\/\/www.whitehouse.gov\/presidential-actions\/2025\/01\/initial-rescissions-of-harmful-executive-orders-and-actions\/\" target=\"_blank\" rel=\"noreferrer noopener\">one of the first Executive Orders Trump has signed<\/a> on Monday, he determined that all Biden national security decisions (including the relevant decisions that the EU-US transfers rely upon) shall be reviewed and potentially scraped within 45 days. This means that further elements the TADPF relied upon could be killed in a matter of weeks. As the entire deal is based on Biden executive decisions, Trump could scrap all key elements of the deal with a single signature &#8211; leading to instantly illegal data transfers between the EU and the US.\u201d<\/em><\/p>\n\n\n\n<p>Inom drygt en m\u00e5nad kan allts\u00e5 grunden till hela adekvansbeslutet vara borta. H\u00e5ll i er!<\/p>\n\n\n\n<h2 class=\"wp-block-heading\" id=\"h-sa-fel-man-kan-ha\">S\u00e5 fel man kan ha&#8230;<\/h2>\n\n\n\n<p>Den 6 november 2024, efter att det amerikanska valresultatet stod klart, skrev jag en intern analys om vilken p\u00e5verkan Trumps presidentskap skulle f\u00e5 p\u00e5 adekvansbeslutet. Analysen avslutades s\u00e5h\u00e4r:<\/p>\n\n\n\n<p><em>\u201dIn short, the adequacy decision is good for the United States, and bad for the European Union. I don&#8217;t see any incentives for a Trump administration to risk its validity.\u201d<\/em><\/p>\n\n\n\n<p>Om Trumps agerande har jag allts\u00e5 redan blivit motbevisad. Fr\u00e5gan \u00e4r om det stannar vid att jag hade fel, eller om det kommer att visa sig att jag hade <em>s\u00e5 in i helsike fel<\/em>.<\/p>\n\n\n\n<h2 class=\"wp-block-heading\" id=\"h-tillsynsmyndigheterna-sager-att-exitplan-ar-viktigare-an-nagonsin\">Tillsynsmyndigheterna s\u00e4ger att exitplan \u00e4r viktigare \u00e4n n\u00e5gonsin<\/h2>\n\n\n\n<p>Allan Frank, jurist och IT-s\u00e4kerhetsspecialist p\u00e5 Danmarks tillsynsmyndighet Datatilsynet, har <a href=\"https:\/\/www.version2.dk\/artikel\/datatilsynet-advarer-trump-kan-traekke-taeppet-vaek-under-danske-virksomheders-cloud\">kommenterat situationen<\/a> och s\u00e4ger: \u201dDet har aldrig varit viktigare att ha en riktig plan B f\u00f6r att kunna frig\u00f6ra sig fr\u00e5n dessa tj\u00e4nster.\u201d<\/p>\n\n\n\n<p>\u00c4ven den <a href=\"https:\/\/www.datatilsynet.no\/aktuelt\/aktuelle-nyheter-2025\/informasjon-om-overforinger-til-usa\/\">norska tillsynsmyndigheten<\/a> har flaggat f\u00f6r samma sak: \u201dDet viktigaste r\u00e5det till er organisation \u00e4r att ha en exitstrategi f\u00f6r vad ni ska g\u00f6ra om ni inte l\u00e4ngre kan \u00f6verf\u00f6ra personuppgifter till USA p\u00e5 samma s\u00e4tt som idag &#8230; Om ett beslut om adekvat skyddsniv\u00e5 \u00e5terkallas kommer det med st\u00f6rsta sannolikhet inte att finnas n\u00e5gon \u00f6verg\u00e5ngsperiod.\u201d<\/p>\n\n\n\n<p>P\u00e5 Cleura h\u00e5ller vi med om denna slutsats. Utan en realistisk, genomf\u00f6rbar migreringsplan \u00e4r din verksamhet och dess data inte bara utel\u00e4mnade till din molntj\u00e4nstleverant\u00f6rs nycker, utan \u00e4ven till Donald Trumps.<\/p>\n\n\n\n<p>Faktum \u00e4r att vi h\u00e4vdar att oavsett beslutet om adekvat skyddsniv\u00e5, s\u00e5 kan <a href=\"https:\/\/cleura.com\/sv\/molnguiden\/rapport\/vad-din-verksamhet-behover-veta-om-det-tredje-adekvansbeslutet\/\" target=\"_blank\" rel=\"noreferrer noopener\">verksamheter i EU inte anv\u00e4nda amerikanska molntj\u00e4nstleverant\u00f6rer<\/a> f\u00f6r att behandla personuppgifter i enlighet med GDPR. Det \u00e4r \u00e4nnu ett sk\u00e4l att byta till en leverant\u00f6r som inte lyder under amerikanska \u00f6vervakningslagar, eller \u00e5tminstone placera en del av sina metaforiska data\u00e4gg i en lagenlig korg (leverant\u00f6r).<\/p>\n\n\n\n<h2 class=\"wp-block-heading\" id=\"h-kallor\">K\u00e4llor<\/h2>\n\n\n<ol class=\"wp-block-footnotes\"><li id=\"b4384316-e976-4e49-b1ec-909b20b3e0bb\"><a href=\"https:\/\/noyb.eu\/sites\/default\/files\/2022-10\/Biden%20EO%20on%20Surveillance%2C%20Structured.pdf\" target=\"_blank\" rel=\"noreferrer noopener\">Executive Order 14086<\/a> sektion 3(e). <a href=\"#b4384316-e976-4e49-b1ec-909b20b3e0bb-link\" aria-label=\"Hoppa till fotnotsreferens 1\">\u21a9\ufe0e<\/a><\/li><li id=\"148245d3-d33b-4312-945e-c37b3f2b9e88\"><a href=\"https:\/\/eur-lex.europa.eu\/eli\/dec_impl\/2023\/1795\/oj\" target=\"_blank\" rel=\"noreferrer noopener\">EU-kommissionens adekvansbeslut<\/a>, beaktandesats 167. <a href=\"#148245d3-d33b-4312-945e-c37b3f2b9e88-link\" aria-label=\"Hoppa till fotnotsreferens 2\">\u21a9\ufe0e<\/a><\/li><li id=\"e9b4a281-0fc0-4157-8355-e8a9cc267e77\"><a href=\"https:\/\/eur-lex.europa.eu\/eli\/dec_impl\/2023\/1795\/oj\" target=\"_blank\" rel=\"noreferrer noopener\">EU-kommissionens adekvansbeslut<\/a>, beaktandesats 194. I den n\u00e4st sista meningen anger den engelska spr\u00e5kversionen endast att utpekade akt\u00f6rer ska genomf\u00f6ra eller annars <em>adressera<\/em> alla rekommendationer (\u201care required to implement or otherwise address all recommendations included in such reports.\u201c) Det tyder p\u00e5 att alla rekommendationer inte m\u00e5ste f\u00f6ljas, s\u00e5 l\u00e4nge de p\u00e5 n\u00e5got s\u00e4tt bem\u00f6ts.  <a href=\"#e9b4a281-0fc0-4157-8355-e8a9cc267e77-link\" aria-label=\"Hoppa till fotnotsreferens 3\">\u21a9\ufe0e<\/a><\/li><li id=\"a3c612d0-ae6a-45b2-836e-fd6a62078fee\">Jonsson Cornell och Sannerholm (red.), R\u00e4ttsstatens principer s. 15, Iustus F\u00f6rlag, Uppsala 2023. <a href=\"#a3c612d0-ae6a-45b2-836e-fd6a62078fee-link\" aria-label=\"Hoppa till fotnotsreferens 4\">\u21a9\ufe0e<\/a><\/li><li id=\"0937d236-b892-4b54-888a-3eaa97ae29fe\">EU-domstolens dom i C-311\/18 <a href=\"https:\/\/curia.europa.eu\/juris\/document\/document.jsf?text=&amp;docid=228677&amp;pageIndex=0&amp;doclang=SV\" target=\"_blank\" rel=\"noreferrer noopener\">Schrems II<\/a> p. 187 samt Europadomstolens dom i <a href=\"https:\/\/hudoc.echr.coe.int\/eng#{%22itemid%22:[%22001-210078%22]}\" target=\"_blank\" rel=\"noreferrer noopener\">Centrum f\u00f6r r\u00e4ttvisa mot Sverige<\/a> p. 246 och 373. <a href=\"#0937d236-b892-4b54-888a-3eaa97ae29fe-link\" aria-label=\"Hoppa till fotnotsreferens 5\">\u21a9\ufe0e<\/a><\/li><li id=\"883987f6-1c26-48c3-ad2e-bb215bb092e1\"><a href=\"https:\/\/noyb.eu\/sites\/default\/files\/2022-10\/Biden%20EO%20on%20Surveillance%2C%20Structured.pdf\" target=\"_blank\" rel=\"noreferrer noopener\">Executive Order 14086<\/a> sektion 3(d)(iv). <a href=\"#883987f6-1c26-48c3-ad2e-bb215bb092e1-link\" aria-label=\"Hoppa till fotnotsreferens 6\">\u21a9\ufe0e<\/a><\/li><li id=\"6c3982c9-612b-40b4-af76-a8d9714c2fe2\">Den som vill kan l\u00e4sa mer om <a href=\"https:\/\/cleura.com\/sv\/molnguiden\/rapport\/vad-din-verksamhet-behover-veta-om-det-tredje-adekvansbeslutet\/#h-exempel-fran-verkligheten-vid-amerikansk-overvakning\" target=\"_blank\" rel=\"noreferrer noopener\">exempel p\u00e5 \u00f6vertramp vid amerikansk \u00f6vervakning<\/a>. <a href=\"#6c3982c9-612b-40b4-af76-a8d9714c2fe2-link\" aria-label=\"Hoppa till fotnotsreferens 7\">\u21a9\ufe0e<\/a><\/li><\/ol>","protected":false},"excerpt":{"rendered":"<p>F\u00f6rfattare: Arman Borghem, Regulatory and Compliance Advisor p\u00e5 Cleura Quis custodiet ipsos custodes? Tv\u00e5 dagar efter att Donald Trump tilltr\u00e4dde som president framkom att han agerat f\u00f6r att paralysera Privacy and Civil Liberties Oversight Board (PCLOB). Quis custodiet ipsos custodes? \u00e4r en latinsk fras som kan \u00f6vers\u00e4ttas som Vem vaktar v\u00e4ktarna? PCLOB \u00e4r p\u00e5 pappret en sj\u00e4lvst\u00e4ndig myndighet under USA:s &#8230; <\/p>\n<div><a href=\"https:\/\/cleura.com\/sv\/molnguiden\/perspektiv\/trump-rattsstaten-och-adekvansbeslutet\/\" class=\"more-link\">Read More<\/a><\/div>\n","protected":false},"author":10,"featured_media":22392,"comment_status":"closed","ping_status":"open","sticky":false,"template":"","format":"standard","meta":{"footnotes":"[{\"content\":\"<a href=\\\"https:\/\/noyb.eu\/sites\/default\/files\/2022-10\/Biden%20EO%20on%20Surveillance%2C%20Structured.pdf\\\" target=\\\"_blank\\\" rel=\\\"noreferrer noopener\\\">Executive Order 14086<\/a> sektion 3(e).\",\"id\":\"b4384316-e976-4e49-b1ec-909b20b3e0bb\"},{\"content\":\"<a href=\\\"https:\/\/eur-lex.europa.eu\/eli\/dec_impl\/2023\/1795\/oj\\\" target=\\\"_blank\\\" rel=\\\"noreferrer noopener\\\">EU-kommissionens adekvansbeslut<\/a>, beaktandesats 167.\",\"id\":\"148245d3-d33b-4312-945e-c37b3f2b9e88\"},{\"content\":\"<a href=\\\"https:\/\/eur-lex.europa.eu\/eli\/dec_impl\/2023\/1795\/oj\\\" target=\\\"_blank\\\" rel=\\\"noreferrer noopener\\\">EU-kommissionens adekvansbeslut<\/a>, beaktandesats 194. I den n\u00e4st sista meningen anger den engelska spr\u00e5kversionen endast att utpekade akt\u00f6rer ska genomf\u00f6ra eller annars <em>adressera<\/em> alla rekommendationer (\u201care required to implement or otherwise address all recommendations included in such reports.\u201c) Det tyder p\u00e5 att alla rekommendationer inte m\u00e5ste f\u00f6ljas, s\u00e5 l\u00e4nge de p\u00e5 n\u00e5got s\u00e4tt bem\u00f6ts. \",\"id\":\"e9b4a281-0fc0-4157-8355-e8a9cc267e77\"},{\"content\":\"Jonsson Cornell och Sannerholm (red.), R\u00e4ttsstatens principer s. 15, Iustus F\u00f6rlag, Uppsala 2023.\",\"id\":\"a3c612d0-ae6a-45b2-836e-fd6a62078fee\"},{\"content\":\"EU-domstolens dom i C-311\/18 <a href=\\\"https:\/\/curia.europa.eu\/juris\/document\/document.jsf?text=&amp;docid=228677&amp;pageIndex=0&amp;doclang=SV\\\" target=\\\"_blank\\\" rel=\\\"noreferrer noopener\\\">Schrems II<\/a> p. 187 samt Europadomstolens dom i <a href=\\\"https:\/\/hudoc.echr.coe.int\/eng#{%22itemid%22:[%22001-210078%22]}\\\" target=\\\"_blank\\\" rel=\\\"noreferrer noopener\\\">Centrum f\u00f6r r\u00e4ttvisa mot Sverige<\/a> p. 246 och 373.\",\"id\":\"0937d236-b892-4b54-888a-3eaa97ae29fe\"},{\"content\":\"<a href=\\\"https:\/\/noyb.eu\/sites\/default\/files\/2022-10\/Biden%20EO%20on%20Surveillance%2C%20Structured.pdf\\\" target=\\\"_blank\\\" rel=\\\"noreferrer noopener\\\">Executive Order 14086<\/a> sektion 3(d)(iv).\",\"id\":\"883987f6-1c26-48c3-ad2e-bb215bb092e1\"},{\"content\":\"Den som vill kan l\u00e4sa mer om <a href=\\\"https:\/\/cleura.com\/sv\/molnguiden\/rapport\/vad-din-verksamhet-behover-veta-om-det-tredje-adekvansbeslutet\/#h-exempel-fran-verkligheten-vid-amerikansk-overvakning\\\" target=\\\"_blank\\\" rel=\\\"noreferrer noopener\\\">exempel p\u00e5 \u00f6vertramp vid amerikansk \u00f6vervakning<\/a>.\",\"id\":\"6c3982c9-612b-40b4-af76-a8d9714c2fe2\"}]"},"categories":[761],"tags":[],"class_list":["post-22362","post","type-post","status-publish","format-standard","has-post-thumbnail","hentry","category-perspektiv"],"yoast_head":"<!-- This site is optimized with the Yoast SEO Premium plugin v27.3 (Yoast SEO v27.3) - https:\/\/yoast.com\/product\/yoast-seo-premium-wordpress\/ -->\n<title>Trump, r\u00e4ttsstaten och adekvansbeslutet - Cleura<\/title>\n<meta name=\"description\" content=\"Dagar efter att Donald Trump tilltr\u00e4dde som president framkom att han agerat f\u00f6r att paralysera Privacy and Civil Liberties Oversight Board.\" \/>\n<meta name=\"robots\" content=\"index, follow, max-snippet:-1, max-image-preview:large, max-video-preview:-1\" \/>\n<link rel=\"canonical\" href=\"https:\/\/cleura.com\/sv\/molnguiden\/perspektiv\/trump-rattsstaten-och-adekvansbeslutet\/\" \/>\n<meta property=\"og:locale\" content=\"sv_SE\" \/>\n<meta property=\"og:type\" content=\"article\" \/>\n<meta property=\"og:title\" content=\"Trump, r\u00e4ttsstaten och adekvansbeslutet\" \/>\n<meta property=\"og:description\" content=\"Dagar efter att Donald Trump tilltr\u00e4dde som president framkom att han agerat f\u00f6r att paralysera Privacy and Civil Liberties Oversight Board.\" \/>\n<meta property=\"og:url\" content=\"https:\/\/cleura.com\/sv\/molnguiden\/perspektiv\/trump-rattsstaten-och-adekvansbeslutet\/\" \/>\n<meta property=\"og:site_name\" content=\"Cleura\" \/>\n<meta property=\"article:publisher\" content=\"https:\/\/www.facebook.com\/CleuraCloud\" \/>\n<meta property=\"article:published_time\" content=\"2025-01-23T15:49:20+00:00\" \/>\n<meta property=\"article:modified_time\" content=\"2026-01-02T10:36:32+00:00\" \/>\n<meta property=\"og:image\" content=\"https:\/\/cleura.com\/wp-content\/uploads\/2025\/01\/darren-halstead-B_vXFdzvw3g-unsplash.jpg\" \/>\n\t<meta property=\"og:image:width\" content=\"1024\" \/>\n\t<meta property=\"og:image:height\" content=\"683\" \/>\n\t<meta property=\"og:image:type\" content=\"image\/jpeg\" \/>\n<meta name=\"author\" content=\"Arman\" \/>\n<meta name=\"twitter:card\" content=\"summary_large_image\" \/>\n<meta name=\"twitter:creator\" content=\"@cleuracloud\" \/>\n<meta name=\"twitter:site\" content=\"@cleuracloud\" \/>\n<meta name=\"twitter:label1\" content=\"Skriven av\" \/>\n\t<meta name=\"twitter:data1\" content=\"Arman\" \/>\n\t<meta name=\"twitter:label2\" content=\"Ber\u00e4knad l\u00e4stid\" \/>\n\t<meta name=\"twitter:data2\" content=\"1 minut\" \/>\n<script type=\"application\/ld+json\" class=\"yoast-schema-graph\">{\"@context\":\"https:\\\/\\\/schema.org\",\"@graph\":[{\"@type\":\"NewsArticle\",\"@id\":\"https:\\\/\\\/cleura.com\\\/sv\\\/molnguiden\\\/perspektiv\\\/trump-rattsstaten-och-adekvansbeslutet\\\/#article\",\"isPartOf\":{\"@id\":\"https:\\\/\\\/cleura.com\\\/sv\\\/molnguiden\\\/perspektiv\\\/trump-rattsstaten-och-adekvansbeslutet\\\/\"},\"author\":{\"name\":\"Arman\",\"@id\":\"https:\\\/\\\/cleura.com\\\/sv\\\/#\\\/schema\\\/person\\\/8f8dd15233a72d7c7255b4be5dc70ab5\"},\"headline\":\"Trump, r\u00e4ttsstaten och adekvansbeslutet\",\"datePublished\":\"2025-01-23T15:49:20+00:00\",\"dateModified\":\"2026-01-02T10:36:32+00:00\",\"mainEntityOfPage\":{\"@id\":\"https:\\\/\\\/cleura.com\\\/sv\\\/molnguiden\\\/perspektiv\\\/trump-rattsstaten-och-adekvansbeslutet\\\/\"},\"wordCount\":2029,\"publisher\":{\"@id\":\"https:\\\/\\\/cleura.com\\\/sv\\\/#organization\"},\"image\":{\"@id\":\"https:\\\/\\\/cleura.com\\\/sv\\\/molnguiden\\\/perspektiv\\\/trump-rattsstaten-och-adekvansbeslutet\\\/#primaryimage\"},\"thumbnailUrl\":\"https:\\\/\\\/cleura.com\\\/wp-content\\\/uploads\\\/2025\\\/01\\\/darren-halstead-B_vXFdzvw3g-unsplash.jpg\",\"articleSection\":[\"Perspektiv\"],\"inLanguage\":\"sv-SE\"},{\"@type\":\"WebPage\",\"@id\":\"https:\\\/\\\/cleura.com\\\/sv\\\/molnguiden\\\/perspektiv\\\/trump-rattsstaten-och-adekvansbeslutet\\\/\",\"url\":\"https:\\\/\\\/cleura.com\\\/sv\\\/molnguiden\\\/perspektiv\\\/trump-rattsstaten-och-adekvansbeslutet\\\/\",\"name\":\"Trump, r\u00e4ttsstaten och adekvansbeslutet - Cleura\",\"isPartOf\":{\"@id\":\"https:\\\/\\\/cleura.com\\\/sv\\\/#website\"},\"primaryImageOfPage\":{\"@id\":\"https:\\\/\\\/cleura.com\\\/sv\\\/molnguiden\\\/perspektiv\\\/trump-rattsstaten-och-adekvansbeslutet\\\/#primaryimage\"},\"image\":{\"@id\":\"https:\\\/\\\/cleura.com\\\/sv\\\/molnguiden\\\/perspektiv\\\/trump-rattsstaten-och-adekvansbeslutet\\\/#primaryimage\"},\"thumbnailUrl\":\"https:\\\/\\\/cleura.com\\\/wp-content\\\/uploads\\\/2025\\\/01\\\/darren-halstead-B_vXFdzvw3g-unsplash.jpg\",\"datePublished\":\"2025-01-23T15:49:20+00:00\",\"dateModified\":\"2026-01-02T10:36:32+00:00\",\"description\":\"Dagar efter att Donald Trump tilltr\u00e4dde som president framkom att han agerat f\u00f6r att paralysera Privacy and Civil Liberties Oversight Board.\",\"breadcrumb\":{\"@id\":\"https:\\\/\\\/cleura.com\\\/sv\\\/molnguiden\\\/perspektiv\\\/trump-rattsstaten-och-adekvansbeslutet\\\/#breadcrumb\"},\"inLanguage\":\"sv-SE\",\"potentialAction\":[{\"@type\":\"ReadAction\",\"target\":[\"https:\\\/\\\/cleura.com\\\/sv\\\/molnguiden\\\/perspektiv\\\/trump-rattsstaten-och-adekvansbeslutet\\\/\"]}]},{\"@type\":\"ImageObject\",\"inLanguage\":\"sv-SE\",\"@id\":\"https:\\\/\\\/cleura.com\\\/sv\\\/molnguiden\\\/perspektiv\\\/trump-rattsstaten-och-adekvansbeslutet\\\/#primaryimage\",\"url\":\"https:\\\/\\\/cleura.com\\\/wp-content\\\/uploads\\\/2025\\\/01\\\/darren-halstead-B_vXFdzvw3g-unsplash.jpg\",\"contentUrl\":\"https:\\\/\\\/cleura.com\\\/wp-content\\\/uploads\\\/2025\\\/01\\\/darren-halstead-B_vXFdzvw3g-unsplash.jpg\",\"width\":1024,\"height\":683,\"caption\":\"Trump, r\u00e4ttsstaten och adekvansbeslutet\"},{\"@type\":\"BreadcrumbList\",\"@id\":\"https:\\\/\\\/cleura.com\\\/sv\\\/molnguiden\\\/perspektiv\\\/trump-rattsstaten-och-adekvansbeslutet\\\/#breadcrumb\",\"itemListElement\":[{\"@type\":\"ListItem\",\"position\":1,\"name\":\"Hem\",\"item\":\"https:\\\/\\\/cleura.com\\\/sv\\\/cleura-det-europeiska-molnet\\\/\"},{\"@type\":\"ListItem\",\"position\":2,\"name\":\"Trump, r\u00e4ttsstaten och adekvansbeslutet\"}]},{\"@type\":\"WebSite\",\"@id\":\"https:\\\/\\\/cleura.com\\\/sv\\\/#website\",\"url\":\"https:\\\/\\\/cleura.com\\\/sv\\\/\",\"name\":\"Cleura\",\"description\":\"Freedom to innovate\",\"publisher\":{\"@id\":\"https:\\\/\\\/cleura.com\\\/sv\\\/#organization\"},\"potentialAction\":[{\"@type\":\"SearchAction\",\"target\":{\"@type\":\"EntryPoint\",\"urlTemplate\":\"https:\\\/\\\/cleura.com\\\/sv\\\/?s={search_term_string}\"},\"query-input\":{\"@type\":\"PropertyValueSpecification\",\"valueRequired\":true,\"valueName\":\"search_term_string\"}}],\"inLanguage\":\"sv-SE\"},{\"@type\":\"Organization\",\"@id\":\"https:\\\/\\\/cleura.com\\\/sv\\\/#organization\",\"name\":\"Cleura\",\"url\":\"https:\\\/\\\/cleura.com\\\/sv\\\/\",\"logo\":{\"@type\":\"ImageObject\",\"inLanguage\":\"sv-SE\",\"@id\":\"https:\\\/\\\/cleura.com\\\/sv\\\/#\\\/schema\\\/logo\\\/image\\\/\",\"url\":\"https:\\\/\\\/cleura.com\\\/wp-content\\\/uploads\\\/2022\\\/04\\\/Cleura-Logotyp-Svart.png\",\"contentUrl\":\"https:\\\/\\\/cleura.com\\\/wp-content\\\/uploads\\\/2022\\\/04\\\/Cleura-Logotyp-Svart.png\",\"width\":1000,\"height\":237,\"caption\":\"Cleura\"},\"image\":{\"@id\":\"https:\\\/\\\/cleura.com\\\/sv\\\/#\\\/schema\\\/logo\\\/image\\\/\"},\"sameAs\":[\"https:\\\/\\\/www.facebook.com\\\/CleuraCloud\",\"https:\\\/\\\/x.com\\\/cleuracloud\",\"https:\\\/\\\/www.linkedin.com\\\/company\\\/cleura\",\"https:\\\/\\\/www.youtube.com\\\/c\\\/Cleura\"]},{\"@type\":\"Person\",\"@id\":\"https:\\\/\\\/cleura.com\\\/sv\\\/#\\\/schema\\\/person\\\/8f8dd15233a72d7c7255b4be5dc70ab5\",\"name\":\"Arman\",\"image\":{\"@type\":\"ImageObject\",\"inLanguage\":\"sv-SE\",\"@id\":\"https:\\\/\\\/secure.gravatar.com\\\/avatar\\\/91fad1e47ea4f9c065d4d3eb955c2c26cce7c53dee69f2f9555c4fbc4a3a97c4?s=96&d=mm&r=g\",\"url\":\"https:\\\/\\\/secure.gravatar.com\\\/avatar\\\/91fad1e47ea4f9c065d4d3eb955c2c26cce7c53dee69f2f9555c4fbc4a3a97c4?s=96&d=mm&r=g\",\"contentUrl\":\"https:\\\/\\\/secure.gravatar.com\\\/avatar\\\/91fad1e47ea4f9c065d4d3eb955c2c26cce7c53dee69f2f9555c4fbc4a3a97c4?s=96&d=mm&r=g\",\"caption\":\"Arman\"}}]}<\/script>\n<!-- \/ Yoast SEO Premium plugin. -->","yoast_head_json":{"title":"Trump, r\u00e4ttsstaten och adekvansbeslutet - Cleura","description":"Dagar efter att Donald Trump tilltr\u00e4dde som president framkom att han agerat f\u00f6r att paralysera Privacy and Civil Liberties Oversight Board.","robots":{"index":"index","follow":"follow","max-snippet":"max-snippet:-1","max-image-preview":"max-image-preview:large","max-video-preview":"max-video-preview:-1"},"canonical":"https:\/\/cleura.com\/sv\/molnguiden\/perspektiv\/trump-rattsstaten-och-adekvansbeslutet\/","og_locale":"sv_SE","og_type":"article","og_title":"Trump, r\u00e4ttsstaten och adekvansbeslutet","og_description":"Dagar efter att Donald Trump tilltr\u00e4dde som president framkom att han agerat f\u00f6r att paralysera Privacy and Civil Liberties Oversight Board.","og_url":"https:\/\/cleura.com\/sv\/molnguiden\/perspektiv\/trump-rattsstaten-och-adekvansbeslutet\/","og_site_name":"Cleura","article_publisher":"https:\/\/www.facebook.com\/CleuraCloud","article_published_time":"2025-01-23T15:49:20+00:00","article_modified_time":"2026-01-02T10:36:32+00:00","og_image":[{"width":1024,"height":683,"url":"https:\/\/cleura.com\/wp-content\/uploads\/2025\/01\/darren-halstead-B_vXFdzvw3g-unsplash.jpg","type":"image\/jpeg"}],"author":"Arman","twitter_card":"summary_large_image","twitter_creator":"@cleuracloud","twitter_site":"@cleuracloud","twitter_misc":{"Skriven av":"Arman","Ber\u00e4knad l\u00e4stid":"1 minut"},"schema":{"@context":"https:\/\/schema.org","@graph":[{"@type":"NewsArticle","@id":"https:\/\/cleura.com\/sv\/molnguiden\/perspektiv\/trump-rattsstaten-och-adekvansbeslutet\/#article","isPartOf":{"@id":"https:\/\/cleura.com\/sv\/molnguiden\/perspektiv\/trump-rattsstaten-och-adekvansbeslutet\/"},"author":{"name":"Arman","@id":"https:\/\/cleura.com\/sv\/#\/schema\/person\/8f8dd15233a72d7c7255b4be5dc70ab5"},"headline":"Trump, r\u00e4ttsstaten och adekvansbeslutet","datePublished":"2025-01-23T15:49:20+00:00","dateModified":"2026-01-02T10:36:32+00:00","mainEntityOfPage":{"@id":"https:\/\/cleura.com\/sv\/molnguiden\/perspektiv\/trump-rattsstaten-och-adekvansbeslutet\/"},"wordCount":2029,"publisher":{"@id":"https:\/\/cleura.com\/sv\/#organization"},"image":{"@id":"https:\/\/cleura.com\/sv\/molnguiden\/perspektiv\/trump-rattsstaten-och-adekvansbeslutet\/#primaryimage"},"thumbnailUrl":"https:\/\/cleura.com\/wp-content\/uploads\/2025\/01\/darren-halstead-B_vXFdzvw3g-unsplash.jpg","articleSection":["Perspektiv"],"inLanguage":"sv-SE"},{"@type":"WebPage","@id":"https:\/\/cleura.com\/sv\/molnguiden\/perspektiv\/trump-rattsstaten-och-adekvansbeslutet\/","url":"https:\/\/cleura.com\/sv\/molnguiden\/perspektiv\/trump-rattsstaten-och-adekvansbeslutet\/","name":"Trump, r\u00e4ttsstaten och adekvansbeslutet - Cleura","isPartOf":{"@id":"https:\/\/cleura.com\/sv\/#website"},"primaryImageOfPage":{"@id":"https:\/\/cleura.com\/sv\/molnguiden\/perspektiv\/trump-rattsstaten-och-adekvansbeslutet\/#primaryimage"},"image":{"@id":"https:\/\/cleura.com\/sv\/molnguiden\/perspektiv\/trump-rattsstaten-och-adekvansbeslutet\/#primaryimage"},"thumbnailUrl":"https:\/\/cleura.com\/wp-content\/uploads\/2025\/01\/darren-halstead-B_vXFdzvw3g-unsplash.jpg","datePublished":"2025-01-23T15:49:20+00:00","dateModified":"2026-01-02T10:36:32+00:00","description":"Dagar efter att Donald Trump tilltr\u00e4dde som president framkom att han agerat f\u00f6r att paralysera Privacy and Civil Liberties Oversight Board.","breadcrumb":{"@id":"https:\/\/cleura.com\/sv\/molnguiden\/perspektiv\/trump-rattsstaten-och-adekvansbeslutet\/#breadcrumb"},"inLanguage":"sv-SE","potentialAction":[{"@type":"ReadAction","target":["https:\/\/cleura.com\/sv\/molnguiden\/perspektiv\/trump-rattsstaten-och-adekvansbeslutet\/"]}]},{"@type":"ImageObject","inLanguage":"sv-SE","@id":"https:\/\/cleura.com\/sv\/molnguiden\/perspektiv\/trump-rattsstaten-och-adekvansbeslutet\/#primaryimage","url":"https:\/\/cleura.com\/wp-content\/uploads\/2025\/01\/darren-halstead-B_vXFdzvw3g-unsplash.jpg","contentUrl":"https:\/\/cleura.com\/wp-content\/uploads\/2025\/01\/darren-halstead-B_vXFdzvw3g-unsplash.jpg","width":1024,"height":683,"caption":"Trump, r\u00e4ttsstaten och adekvansbeslutet"},{"@type":"BreadcrumbList","@id":"https:\/\/cleura.com\/sv\/molnguiden\/perspektiv\/trump-rattsstaten-och-adekvansbeslutet\/#breadcrumb","itemListElement":[{"@type":"ListItem","position":1,"name":"Hem","item":"https:\/\/cleura.com\/sv\/cleura-det-europeiska-molnet\/"},{"@type":"ListItem","position":2,"name":"Trump, r\u00e4ttsstaten och adekvansbeslutet"}]},{"@type":"WebSite","@id":"https:\/\/cleura.com\/sv\/#website","url":"https:\/\/cleura.com\/sv\/","name":"Cleura","description":"Freedom to innovate","publisher":{"@id":"https:\/\/cleura.com\/sv\/#organization"},"potentialAction":[{"@type":"SearchAction","target":{"@type":"EntryPoint","urlTemplate":"https:\/\/cleura.com\/sv\/?s={search_term_string}"},"query-input":{"@type":"PropertyValueSpecification","valueRequired":true,"valueName":"search_term_string"}}],"inLanguage":"sv-SE"},{"@type":"Organization","@id":"https:\/\/cleura.com\/sv\/#organization","name":"Cleura","url":"https:\/\/cleura.com\/sv\/","logo":{"@type":"ImageObject","inLanguage":"sv-SE","@id":"https:\/\/cleura.com\/sv\/#\/schema\/logo\/image\/","url":"https:\/\/cleura.com\/wp-content\/uploads\/2022\/04\/Cleura-Logotyp-Svart.png","contentUrl":"https:\/\/cleura.com\/wp-content\/uploads\/2022\/04\/Cleura-Logotyp-Svart.png","width":1000,"height":237,"caption":"Cleura"},"image":{"@id":"https:\/\/cleura.com\/sv\/#\/schema\/logo\/image\/"},"sameAs":["https:\/\/www.facebook.com\/CleuraCloud","https:\/\/x.com\/cleuracloud","https:\/\/www.linkedin.com\/company\/cleura","https:\/\/www.youtube.com\/c\/Cleura"]},{"@type":"Person","@id":"https:\/\/cleura.com\/sv\/#\/schema\/person\/8f8dd15233a72d7c7255b4be5dc70ab5","name":"Arman","image":{"@type":"ImageObject","inLanguage":"sv-SE","@id":"https:\/\/secure.gravatar.com\/avatar\/91fad1e47ea4f9c065d4d3eb955c2c26cce7c53dee69f2f9555c4fbc4a3a97c4?s=96&d=mm&r=g","url":"https:\/\/secure.gravatar.com\/avatar\/91fad1e47ea4f9c065d4d3eb955c2c26cce7c53dee69f2f9555c4fbc4a3a97c4?s=96&d=mm&r=g","contentUrl":"https:\/\/secure.gravatar.com\/avatar\/91fad1e47ea4f9c065d4d3eb955c2c26cce7c53dee69f2f9555c4fbc4a3a97c4?s=96&d=mm&r=g","caption":"Arman"}}]}},"_links":{"self":[{"href":"https:\/\/cleura.com\/sv\/wp-json\/wp\/v2\/posts\/22362","targetHints":{"allow":["GET"]}}],"collection":[{"href":"https:\/\/cleura.com\/sv\/wp-json\/wp\/v2\/posts"}],"about":[{"href":"https:\/\/cleura.com\/sv\/wp-json\/wp\/v2\/types\/post"}],"author":[{"embeddable":true,"href":"https:\/\/cleura.com\/sv\/wp-json\/wp\/v2\/users\/10"}],"replies":[{"embeddable":true,"href":"https:\/\/cleura.com\/sv\/wp-json\/wp\/v2\/comments?post=22362"}],"version-history":[{"count":37,"href":"https:\/\/cleura.com\/sv\/wp-json\/wp\/v2\/posts\/22362\/revisions"}],"predecessor-version":[{"id":29956,"href":"https:\/\/cleura.com\/sv\/wp-json\/wp\/v2\/posts\/22362\/revisions\/29956"}],"wp:featuredmedia":[{"embeddable":true,"href":"https:\/\/cleura.com\/sv\/wp-json\/wp\/v2\/media\/22392"}],"wp:attachment":[{"href":"https:\/\/cleura.com\/sv\/wp-json\/wp\/v2\/media?parent=22362"}],"wp:term":[{"taxonomy":"category","embeddable":true,"href":"https:\/\/cleura.com\/sv\/wp-json\/wp\/v2\/categories?post=22362"},{"taxonomy":"post_tag","embeddable":true,"href":"https:\/\/cleura.com\/sv\/wp-json\/wp\/v2\/tags?post=22362"}],"curies":[{"name":"wp","href":"https:\/\/api.w.org\/{rel}","templated":true}]}}