{"id":8309,"date":"2020-03-17T07:00:00","date_gmt":"2020-03-17T07:00:00","guid":{"rendered":"http:\/\/46.254.15.9\/okategoriserad\/ny-marknadschef-pa-city-network-med-fokus-pa-tillvaxt\/"},"modified":"2020-03-17T07:00:00","modified_gmt":"2020-03-17T07:00:00","slug":"ny-marknadschef-pa-city-network-med-fokus-pa-tillvaxt","status":"publish","type":"post","link":"https:\/\/cleura.com\/sv\/pressmeddelanden\/ny-marknadschef-pa-city-network-med-fokus-pa-tillvaxt\/","title":{"rendered":"Ny marknadschef p\u00e5 City Network med fokus p\u00e5 tillv\u00e4xt"},"content":{"rendered":"<p>City Network, en ledande global leverant\u00f6r av molntj\u00e4nster, meddelar att f\u00f6retaget har anst\u00e4llt Jim Johansson som marknadschef. F\u00f6retaget, som erbjuder molntj\u00e4nster f\u00f6r it-infrastruktur samt f\u00f6r produktivitet och samarbete, \u00e4r verksamma p\u00e5 en global marknad i kraftig tillv\u00e4xt. I sin roll kommer Jim att ansvara f\u00f6r att bygga City Networks varum\u00e4rke i b\u00e5de Sverige och internationellt med fokus p\u00e5 expansion och tillv\u00e4xt.<\/p>\n<p>Jim har en gedigen erfarenhet fr\u00e5n att driva tillv\u00e4xt i branscher under stor f\u00f6r\u00e4ndring. Han kommer n\u00e4rmast fr\u00e5n en kombinerad roll&nbsp;som dotterbolags-vd och ansvarig f\u00f6r IoT hos amerikanske koncernen SHAPE Technologies Group. Tidigare har han haft olika roller inom aff\u00e4rsutveckling, f\u00f6rs\u00e4ljning och marknadsf\u00f6ring hos telekomj\u00e4tten Telenor och IT-konsultf\u00f6retaget ELITS. Jim har en magisterexamen i ekonomi fr\u00e5n V\u00e4xj\u00f6 Universitet.<\/p>\n<p>\u2013 Alla organisationer vet att molntj\u00e4nster \u00e4r sj\u00e4lva grunden f\u00f6r att lyckas med digitaliseringen p\u00e5 ett s\u00e4kert och h\u00e5llbart s\u00e4tt, det finns inget alternativ. Vi har en unik position p\u00e5 en gigantisk marknad. V\u00e5ra molntj\u00e4nster \u00e4r byggda p\u00e5 \u00f6ppen k\u00e4llkod, utvecklade i Europa, f\u00f6r europeiska organisationer och hanterade av personal med lokal s\u00e4kerhetsklassning. Med Jim ombord kommer vi nu v\u00e4xla upp v\u00e5r kommunikation och utbilda fler om f\u00f6rdelarna med lagliga molntj\u00e4nster, s\u00e4ger Johan Christenson, vd och grundare p\u00e5 City Network.<\/p>\n<p>Jim, som kommer att vara baserad p\u00e5 f\u00f6retagets huvudkontor i Karlskrona i Blekinge, kommer att arbeta med alla delar i f\u00f6retagets erbjudande. City Networks publika molntj\u00e4nst City Cloud och IT-infrastrukturtj\u00e4nsten Compliant Cloud, f\u00f6r f\u00f6retag med extra h\u00f6ga krav p\u00e5 regelefterlevnad och s\u00e4kerhet, anv\u00e4nds av b\u00e5de f\u00f6retag och myndigheter i hela Europa. F\u00f6r att m\u00f6ta den efterfr\u00e5gan som finns p\u00e5 marknaden, inte minst fr\u00e5n offentlig sektor, lanserade f\u00f6retaget nyligen ett helt nytt officepaket med inbyggd regelefterlevnad. Tj\u00e4nsten som heter Compliant Office, inneh\u00e5ller alla de produktivitets- och samarbetsverktyg som moderna organisationer beh\u00f6ver i sitt dagliga arbete &#8211; mail, team-chatt och dokumenthantering med inbyggd regelefterlevnad.<\/p>\n<p>\u2013 Jag \u00e4r mycket glad \u00f6ver att vara p\u00e5 plats hos City Network. Bolaget har en mycket intressant utmanarposition p\u00e5 en marknad som \u00e4r under b\u00e5de kraftig tillv\u00e4xt och under het debatt och reglering. Jag ser nu fram emot att tillsammans med teamet b\u00e5de st\u00e4rka k\u00e4nnedomen om v\u00e5ra erbjudanden och v\u00e5r position p\u00e5 marknaden som det lagliga, europeiska alternativet byggd p\u00e5 \u00f6ppna standarder, s\u00e4ger Jim Johansson, marknadschef p\u00e5 City Network.<\/p>\n","protected":false},"excerpt":{"rendered":"<p>City Network, en ledande global leverant\u00f6r av molntj\u00e4nster, meddelar att f\u00f6retaget har anst\u00e4llt Jim Johansson som marknadschef. F\u00f6retaget, som erbjuder molntj\u00e4nster f\u00f6r it-infrastruktur samt f\u00f6r produktivitet och samarbete, \u00e4r verksamma p\u00e5 en global marknad i kraftig tillv\u00e4xt. I sin roll kommer Jim att ansvara f\u00f6r att bygga City Networks varum\u00e4rke i b\u00e5de Sverige och internationellt med fokus p\u00e5 expansion och &#8230; <\/p>\n<div><a href=\"https:\/\/cleura.com\/sv\/pressmeddelanden\/ny-marknadschef-pa-city-network-med-fokus-pa-tillvaxt\/\" class=\"more-link\">Read More<\/a><\/div>\n","protected":false},"author":3,"featured_media":8310,"comment_status":"closed","ping_status":"open","sticky":false,"template":"","format":"standard","meta":{"footnotes":""},"categories":[386],"tags":[],"class_list":["post-8309","post","type-post","status-publish","format-standard","has-post-thumbnail","hentry","category-pressmeddelanden"],"yoast_head":"<!-- This site is optimized with the Yoast SEO Premium plugin v27.3 (Yoast SEO v27.3) - https:\/\/yoast.com\/product\/yoast-seo-premium-wordpress\/ -->\n<title>Ny marknadschef p\u00e5 City Network med fokus p\u00e5 tillv\u00e4xt - Cleura<\/title>\n<meta name=\"robots\" content=\"index, follow, max-snippet:-1, max-image-preview:large, max-video-preview:-1\" \/>\n<link rel=\"canonical\" href=\"https:\/\/cleura.com\/sv\/pressmeddelanden\/ny-marknadschef-pa-city-network-med-fokus-pa-tillvaxt\/\" \/>\n<meta property=\"og:locale\" content=\"sv_SE\" \/>\n<meta property=\"og:type\" content=\"article\" \/>\n<meta property=\"og:title\" content=\"Ny marknadschef p\u00e5 City Network med fokus p\u00e5 tillv\u00e4xt\" \/>\n<meta property=\"og:description\" content=\"City Network, en ledande global leverant\u00f6r av molntj\u00e4nster, meddelar att f\u00f6retaget har anst\u00e4llt Jim Johansson som marknadschef. F\u00f6retaget, som erbjuder molntj\u00e4nster f\u00f6r it-infrastruktur samt f\u00f6r produktivitet och samarbete, \u00e4r verksamma p\u00e5 en global marknad i kraftig tillv\u00e4xt. I sin roll kommer Jim att ansvara f\u00f6r att bygga City Networks varum\u00e4rke i b\u00e5de Sverige och internationellt med fokus p\u00e5 expansion och ... Read More\" \/>\n<meta property=\"og:url\" content=\"https:\/\/cleura.com\/sv\/pressmeddelanden\/ny-marknadschef-pa-city-network-med-fokus-pa-tillvaxt\/\" \/>\n<meta property=\"og:site_name\" content=\"Cleura\" \/>\n<meta property=\"article:publisher\" content=\"https:\/\/www.facebook.com\/CleuraCloud\" \/>\n<meta property=\"article:author\" content=\"https:\/\/facebook.com\/cleuracloud\" \/>\n<meta property=\"article:published_time\" content=\"2020-03-17T07:00:00+00:00\" \/>\n<meta property=\"og:image\" content=\"https:\/\/cleura.com\/wp-content\/uploads\/2022\/04\/20200310-_DSC4492-Edit-ho\u0308gupplo\u0308st-scaled-2.jpg\" \/>\n\t<meta property=\"og:image:width\" content=\"2560\" \/>\n\t<meta property=\"og:image:height\" content=\"1561\" \/>\n\t<meta property=\"og:image:type\" content=\"image\/jpeg\" \/>\n<meta name=\"author\" content=\"Cleura\" \/>\n<meta name=\"twitter:card\" content=\"summary_large_image\" \/>\n<meta name=\"twitter:creator\" content=\"@CleuraCloud\" \/>\n<meta name=\"twitter:site\" content=\"@cleuracloud\" \/>\n<meta name=\"twitter:label1\" content=\"Skriven av\" \/>\n\t<meta name=\"twitter:data1\" content=\"Cleura\" \/>\n\t<meta name=\"twitter:label2\" content=\"Ber\u00e4knad l\u00e4stid\" \/>\n\t<meta name=\"twitter:data2\" content=\"2 minuter\" \/>\n<script type=\"application\/ld+json\" class=\"yoast-schema-graph\">{\"@context\":\"https:\\\/\\\/schema.org\",\"@graph\":[{\"@type\":\"NewsArticle\",\"@id\":\"https:\\\/\\\/cleura.com\\\/sv\\\/pressmeddelanden\\\/ny-marknadschef-pa-city-network-med-fokus-pa-tillvaxt\\\/#article\",\"isPartOf\":{\"@id\":\"https:\\\/\\\/cleura.com\\\/sv\\\/pressmeddelanden\\\/ny-marknadschef-pa-city-network-med-fokus-pa-tillvaxt\\\/\"},\"author\":{\"name\":\"Cleura\",\"@id\":\"https:\\\/\\\/cleura.com\\\/sv\\\/#\\\/schema\\\/person\\\/c02ccda0378455814e140519eb26e4fb\"},\"headline\":\"Ny marknadschef p\u00e5 City Network med fokus p\u00e5 tillv\u00e4xt\",\"datePublished\":\"2020-03-17T07:00:00+00:00\",\"mainEntityOfPage\":{\"@id\":\"https:\\\/\\\/cleura.com\\\/sv\\\/pressmeddelanden\\\/ny-marknadschef-pa-city-network-med-fokus-pa-tillvaxt\\\/\"},\"wordCount\":452,\"publisher\":{\"@id\":\"https:\\\/\\\/cleura.com\\\/sv\\\/#organization\"},\"image\":{\"@id\":\"https:\\\/\\\/cleura.com\\\/sv\\\/pressmeddelanden\\\/ny-marknadschef-pa-city-network-med-fokus-pa-tillvaxt\\\/#primaryimage\"},\"thumbnailUrl\":\"https:\\\/\\\/cleura.com\\\/wp-content\\\/uploads\\\/2022\\\/04\\\/20200310-_DSC4492-Edit-ho\u0308gupplo\u0308st-scaled-2.jpg\",\"articleSection\":[\"Pressmeddelanden\"],\"inLanguage\":\"sv-SE\"},{\"@type\":\"WebPage\",\"@id\":\"https:\\\/\\\/cleura.com\\\/sv\\\/pressmeddelanden\\\/ny-marknadschef-pa-city-network-med-fokus-pa-tillvaxt\\\/\",\"url\":\"https:\\\/\\\/cleura.com\\\/sv\\\/pressmeddelanden\\\/ny-marknadschef-pa-city-network-med-fokus-pa-tillvaxt\\\/\",\"name\":\"Ny marknadschef p\u00e5 City Network med fokus p\u00e5 tillv\u00e4xt - Cleura\",\"isPartOf\":{\"@id\":\"https:\\\/\\\/cleura.com\\\/sv\\\/#website\"},\"primaryImageOfPage\":{\"@id\":\"https:\\\/\\\/cleura.com\\\/sv\\\/pressmeddelanden\\\/ny-marknadschef-pa-city-network-med-fokus-pa-tillvaxt\\\/#primaryimage\"},\"image\":{\"@id\":\"https:\\\/\\\/cleura.com\\\/sv\\\/pressmeddelanden\\\/ny-marknadschef-pa-city-network-med-fokus-pa-tillvaxt\\\/#primaryimage\"},\"thumbnailUrl\":\"https:\\\/\\\/cleura.com\\\/wp-content\\\/uploads\\\/2022\\\/04\\\/20200310-_DSC4492-Edit-ho\u0308gupplo\u0308st-scaled-2.jpg\",\"datePublished\":\"2020-03-17T07:00:00+00:00\",\"breadcrumb\":{\"@id\":\"https:\\\/\\\/cleura.com\\\/sv\\\/pressmeddelanden\\\/ny-marknadschef-pa-city-network-med-fokus-pa-tillvaxt\\\/#breadcrumb\"},\"inLanguage\":\"sv-SE\",\"potentialAction\":[{\"@type\":\"ReadAction\",\"target\":[\"https:\\\/\\\/cleura.com\\\/sv\\\/pressmeddelanden\\\/ny-marknadschef-pa-city-network-med-fokus-pa-tillvaxt\\\/\"]}]},{\"@type\":\"ImageObject\",\"inLanguage\":\"sv-SE\",\"@id\":\"https:\\\/\\\/cleura.com\\\/sv\\\/pressmeddelanden\\\/ny-marknadschef-pa-city-network-med-fokus-pa-tillvaxt\\\/#primaryimage\",\"url\":\"https:\\\/\\\/cleura.com\\\/wp-content\\\/uploads\\\/2022\\\/04\\\/20200310-_DSC4492-Edit-ho\u0308gupplo\u0308st-scaled-2.jpg\",\"contentUrl\":\"https:\\\/\\\/cleura.com\\\/wp-content\\\/uploads\\\/2022\\\/04\\\/20200310-_DSC4492-Edit-ho\u0308gupplo\u0308st-scaled-2.jpg\",\"width\":2560,\"height\":1561},{\"@type\":\"BreadcrumbList\",\"@id\":\"https:\\\/\\\/cleura.com\\\/sv\\\/pressmeddelanden\\\/ny-marknadschef-pa-city-network-med-fokus-pa-tillvaxt\\\/#breadcrumb\",\"itemListElement\":[{\"@type\":\"ListItem\",\"position\":1,\"name\":\"Hem\",\"item\":\"https:\\\/\\\/cleura.com\\\/sv\\\/cleura-det-europeiska-molnet\\\/\"},{\"@type\":\"ListItem\",\"position\":2,\"name\":\"Ny marknadschef p\u00e5 City Network med fokus p\u00e5 tillv\u00e4xt\"}]},{\"@type\":\"WebSite\",\"@id\":\"https:\\\/\\\/cleura.com\\\/sv\\\/#website\",\"url\":\"https:\\\/\\\/cleura.com\\\/sv\\\/\",\"name\":\"Cleura\",\"description\":\"Freedom to innovate\",\"publisher\":{\"@id\":\"https:\\\/\\\/cleura.com\\\/sv\\\/#organization\"},\"potentialAction\":[{\"@type\":\"SearchAction\",\"target\":{\"@type\":\"EntryPoint\",\"urlTemplate\":\"https:\\\/\\\/cleura.com\\\/sv\\\/?s={search_term_string}\"},\"query-input\":{\"@type\":\"PropertyValueSpecification\",\"valueRequired\":true,\"valueName\":\"search_term_string\"}}],\"inLanguage\":\"sv-SE\"},{\"@type\":\"Organization\",\"@id\":\"https:\\\/\\\/cleura.com\\\/sv\\\/#organization\",\"name\":\"Cleura\",\"url\":\"https:\\\/\\\/cleura.com\\\/sv\\\/\",\"logo\":{\"@type\":\"ImageObject\",\"inLanguage\":\"sv-SE\",\"@id\":\"https:\\\/\\\/cleura.com\\\/sv\\\/#\\\/schema\\\/logo\\\/image\\\/\",\"url\":\"https:\\\/\\\/cleura.com\\\/wp-content\\\/uploads\\\/2022\\\/04\\\/Cleura-Logotyp-Svart.png\",\"contentUrl\":\"https:\\\/\\\/cleura.com\\\/wp-content\\\/uploads\\\/2022\\\/04\\\/Cleura-Logotyp-Svart.png\",\"width\":1000,\"height\":237,\"caption\":\"Cleura\"},\"image\":{\"@id\":\"https:\\\/\\\/cleura.com\\\/sv\\\/#\\\/schema\\\/logo\\\/image\\\/\"},\"sameAs\":[\"https:\\\/\\\/www.facebook.com\\\/CleuraCloud\",\"https:\\\/\\\/x.com\\\/cleuracloud\",\"https:\\\/\\\/www.linkedin.com\\\/company\\\/cleura\",\"https:\\\/\\\/www.youtube.com\\\/c\\\/Cleura\"]},{\"@type\":\"Person\",\"@id\":\"https:\\\/\\\/cleura.com\\\/sv\\\/#\\\/schema\\\/person\\\/c02ccda0378455814e140519eb26e4fb\",\"name\":\"Cleura\",\"image\":{\"@type\":\"ImageObject\",\"inLanguage\":\"sv-SE\",\"@id\":\"https:\\\/\\\/secure.gravatar.com\\\/avatar\\\/b643d8e0c7f8c9cf15e9192d7d3cbca191e67ccdf72dcd8ea29f4eb330b108e2?s=96&d=mm&r=g\",\"url\":\"https:\\\/\\\/secure.gravatar.com\\\/avatar\\\/b643d8e0c7f8c9cf15e9192d7d3cbca191e67ccdf72dcd8ea29f4eb330b108e2?s=96&d=mm&r=g\",\"contentUrl\":\"https:\\\/\\\/secure.gravatar.com\\\/avatar\\\/b643d8e0c7f8c9cf15e9192d7d3cbca191e67ccdf72dcd8ea29f4eb330b108e2?s=96&d=mm&r=g\",\"caption\":\"Cleura\"},\"description\":\"Cleura is the European cloud, offering fully automated digital infrastructure services for companies that want to innovate without sacrificing data privacy. By delivering compliant and secure infrastructure technology built on open-source, Cleura provides organizations with a sustainable foundation for innovation with complete control over their data. As a part of Iver, Cleura is headquartered in Sweden with cloud zones across the world. Cleura is an Iver company.\",\"sameAs\":[\"https:\\\/\\\/cleura.com\",\"https:\\\/\\\/facebook.com\\\/cleuracloud\",\"https:\\\/\\\/www.linkedin.com\\\/company\\\/cleura\\\/\",\"https:\\\/\\\/x.com\\\/CleuraCloud\",\"https:\\\/\\\/www.youtube.com\\\/c\\\/Cleura\"]}]}<\/script>\n<!-- \/ Yoast SEO Premium plugin. -->","yoast_head_json":{"title":"Ny marknadschef p\u00e5 City Network med fokus p\u00e5 tillv\u00e4xt - Cleura","robots":{"index":"index","follow":"follow","max-snippet":"max-snippet:-1","max-image-preview":"max-image-preview:large","max-video-preview":"max-video-preview:-1"},"canonical":"https:\/\/cleura.com\/sv\/pressmeddelanden\/ny-marknadschef-pa-city-network-med-fokus-pa-tillvaxt\/","og_locale":"sv_SE","og_type":"article","og_title":"Ny marknadschef p\u00e5 City Network med fokus p\u00e5 tillv\u00e4xt","og_description":"City Network, en ledande global leverant\u00f6r av molntj\u00e4nster, meddelar att f\u00f6retaget har anst\u00e4llt Jim Johansson som marknadschef. F\u00f6retaget, som erbjuder molntj\u00e4nster f\u00f6r it-infrastruktur samt f\u00f6r produktivitet och samarbete, \u00e4r verksamma p\u00e5 en global marknad i kraftig tillv\u00e4xt. I sin roll kommer Jim att ansvara f\u00f6r att bygga City Networks varum\u00e4rke i b\u00e5de Sverige och internationellt med fokus p\u00e5 expansion och ... Read More","og_url":"https:\/\/cleura.com\/sv\/pressmeddelanden\/ny-marknadschef-pa-city-network-med-fokus-pa-tillvaxt\/","og_site_name":"Cleura","article_publisher":"https:\/\/www.facebook.com\/CleuraCloud","article_author":"https:\/\/facebook.com\/cleuracloud","article_published_time":"2020-03-17T07:00:00+00:00","og_image":[{"width":2560,"height":1561,"url":"https:\/\/cleura.com\/wp-content\/uploads\/2022\/04\/20200310-_DSC4492-Edit-ho\u0308gupplo\u0308st-scaled-2.jpg","type":"image\/jpeg"}],"author":"Cleura","twitter_card":"summary_large_image","twitter_creator":"@CleuraCloud","twitter_site":"@cleuracloud","twitter_misc":{"Skriven av":"Cleura","Ber\u00e4knad l\u00e4stid":"2 minuter"},"schema":{"@context":"https:\/\/schema.org","@graph":[{"@type":"NewsArticle","@id":"https:\/\/cleura.com\/sv\/pressmeddelanden\/ny-marknadschef-pa-city-network-med-fokus-pa-tillvaxt\/#article","isPartOf":{"@id":"https:\/\/cleura.com\/sv\/pressmeddelanden\/ny-marknadschef-pa-city-network-med-fokus-pa-tillvaxt\/"},"author":{"name":"Cleura","@id":"https:\/\/cleura.com\/sv\/#\/schema\/person\/c02ccda0378455814e140519eb26e4fb"},"headline":"Ny marknadschef p\u00e5 City Network med fokus p\u00e5 tillv\u00e4xt","datePublished":"2020-03-17T07:00:00+00:00","mainEntityOfPage":{"@id":"https:\/\/cleura.com\/sv\/pressmeddelanden\/ny-marknadschef-pa-city-network-med-fokus-pa-tillvaxt\/"},"wordCount":452,"publisher":{"@id":"https:\/\/cleura.com\/sv\/#organization"},"image":{"@id":"https:\/\/cleura.com\/sv\/pressmeddelanden\/ny-marknadschef-pa-city-network-med-fokus-pa-tillvaxt\/#primaryimage"},"thumbnailUrl":"https:\/\/cleura.com\/wp-content\/uploads\/2022\/04\/20200310-_DSC4492-Edit-ho\u0308gupplo\u0308st-scaled-2.jpg","articleSection":["Pressmeddelanden"],"inLanguage":"sv-SE"},{"@type":"WebPage","@id":"https:\/\/cleura.com\/sv\/pressmeddelanden\/ny-marknadschef-pa-city-network-med-fokus-pa-tillvaxt\/","url":"https:\/\/cleura.com\/sv\/pressmeddelanden\/ny-marknadschef-pa-city-network-med-fokus-pa-tillvaxt\/","name":"Ny marknadschef p\u00e5 City Network med fokus p\u00e5 tillv\u00e4xt - Cleura","isPartOf":{"@id":"https:\/\/cleura.com\/sv\/#website"},"primaryImageOfPage":{"@id":"https:\/\/cleura.com\/sv\/pressmeddelanden\/ny-marknadschef-pa-city-network-med-fokus-pa-tillvaxt\/#primaryimage"},"image":{"@id":"https:\/\/cleura.com\/sv\/pressmeddelanden\/ny-marknadschef-pa-city-network-med-fokus-pa-tillvaxt\/#primaryimage"},"thumbnailUrl":"https:\/\/cleura.com\/wp-content\/uploads\/2022\/04\/20200310-_DSC4492-Edit-ho\u0308gupplo\u0308st-scaled-2.jpg","datePublished":"2020-03-17T07:00:00+00:00","breadcrumb":{"@id":"https:\/\/cleura.com\/sv\/pressmeddelanden\/ny-marknadschef-pa-city-network-med-fokus-pa-tillvaxt\/#breadcrumb"},"inLanguage":"sv-SE","potentialAction":[{"@type":"ReadAction","target":["https:\/\/cleura.com\/sv\/pressmeddelanden\/ny-marknadschef-pa-city-network-med-fokus-pa-tillvaxt\/"]}]},{"@type":"ImageObject","inLanguage":"sv-SE","@id":"https:\/\/cleura.com\/sv\/pressmeddelanden\/ny-marknadschef-pa-city-network-med-fokus-pa-tillvaxt\/#primaryimage","url":"https:\/\/cleura.com\/wp-content\/uploads\/2022\/04\/20200310-_DSC4492-Edit-ho\u0308gupplo\u0308st-scaled-2.jpg","contentUrl":"https:\/\/cleura.com\/wp-content\/uploads\/2022\/04\/20200310-_DSC4492-Edit-ho\u0308gupplo\u0308st-scaled-2.jpg","width":2560,"height":1561},{"@type":"BreadcrumbList","@id":"https:\/\/cleura.com\/sv\/pressmeddelanden\/ny-marknadschef-pa-city-network-med-fokus-pa-tillvaxt\/#breadcrumb","itemListElement":[{"@type":"ListItem","position":1,"name":"Hem","item":"https:\/\/cleura.com\/sv\/cleura-det-europeiska-molnet\/"},{"@type":"ListItem","position":2,"name":"Ny marknadschef p\u00e5 City Network med fokus p\u00e5 tillv\u00e4xt"}]},{"@type":"WebSite","@id":"https:\/\/cleura.com\/sv\/#website","url":"https:\/\/cleura.com\/sv\/","name":"Cleura","description":"Freedom to innovate","publisher":{"@id":"https:\/\/cleura.com\/sv\/#organization"},"potentialAction":[{"@type":"SearchAction","target":{"@type":"EntryPoint","urlTemplate":"https:\/\/cleura.com\/sv\/?s={search_term_string}"},"query-input":{"@type":"PropertyValueSpecification","valueRequired":true,"valueName":"search_term_string"}}],"inLanguage":"sv-SE"},{"@type":"Organization","@id":"https:\/\/cleura.com\/sv\/#organization","name":"Cleura","url":"https:\/\/cleura.com\/sv\/","logo":{"@type":"ImageObject","inLanguage":"sv-SE","@id":"https:\/\/cleura.com\/sv\/#\/schema\/logo\/image\/","url":"https:\/\/cleura.com\/wp-content\/uploads\/2022\/04\/Cleura-Logotyp-Svart.png","contentUrl":"https:\/\/cleura.com\/wp-content\/uploads\/2022\/04\/Cleura-Logotyp-Svart.png","width":1000,"height":237,"caption":"Cleura"},"image":{"@id":"https:\/\/cleura.com\/sv\/#\/schema\/logo\/image\/"},"sameAs":["https:\/\/www.facebook.com\/CleuraCloud","https:\/\/x.com\/cleuracloud","https:\/\/www.linkedin.com\/company\/cleura","https:\/\/www.youtube.com\/c\/Cleura"]},{"@type":"Person","@id":"https:\/\/cleura.com\/sv\/#\/schema\/person\/c02ccda0378455814e140519eb26e4fb","name":"Cleura","image":{"@type":"ImageObject","inLanguage":"sv-SE","@id":"https:\/\/secure.gravatar.com\/avatar\/b643d8e0c7f8c9cf15e9192d7d3cbca191e67ccdf72dcd8ea29f4eb330b108e2?s=96&d=mm&r=g","url":"https:\/\/secure.gravatar.com\/avatar\/b643d8e0c7f8c9cf15e9192d7d3cbca191e67ccdf72dcd8ea29f4eb330b108e2?s=96&d=mm&r=g","contentUrl":"https:\/\/secure.gravatar.com\/avatar\/b643d8e0c7f8c9cf15e9192d7d3cbca191e67ccdf72dcd8ea29f4eb330b108e2?s=96&d=mm&r=g","caption":"Cleura"},"description":"Cleura is the European cloud, offering fully automated digital infrastructure services for companies that want to innovate without sacrificing data privacy. By delivering compliant and secure infrastructure technology built on open-source, Cleura provides organizations with a sustainable foundation for innovation with complete control over their data. As a part of Iver, Cleura is headquartered in Sweden with cloud zones across the world. Cleura is an Iver company.","sameAs":["https:\/\/cleura.com","https:\/\/facebook.com\/cleuracloud","https:\/\/www.linkedin.com\/company\/cleura\/","https:\/\/x.com\/CleuraCloud","https:\/\/www.youtube.com\/c\/Cleura"]}]}},"_links":{"self":[{"href":"https:\/\/cleura.com\/sv\/wp-json\/wp\/v2\/posts\/8309","targetHints":{"allow":["GET"]}}],"collection":[{"href":"https:\/\/cleura.com\/sv\/wp-json\/wp\/v2\/posts"}],"about":[{"href":"https:\/\/cleura.com\/sv\/wp-json\/wp\/v2\/types\/post"}],"author":[{"embeddable":true,"href":"https:\/\/cleura.com\/sv\/wp-json\/wp\/v2\/users\/3"}],"replies":[{"embeddable":true,"href":"https:\/\/cleura.com\/sv\/wp-json\/wp\/v2\/comments?post=8309"}],"version-history":[{"count":0,"href":"https:\/\/cleura.com\/sv\/wp-json\/wp\/v2\/posts\/8309\/revisions"}],"wp:featuredmedia":[{"embeddable":true,"href":"https:\/\/cleura.com\/sv\/wp-json\/wp\/v2\/media\/8310"}],"wp:attachment":[{"href":"https:\/\/cleura.com\/sv\/wp-json\/wp\/v2\/media?parent=8309"}],"wp:term":[{"taxonomy":"category","embeddable":true,"href":"https:\/\/cleura.com\/sv\/wp-json\/wp\/v2\/categories?post=8309"},{"taxonomy":"post_tag","embeddable":true,"href":"https:\/\/cleura.com\/sv\/wp-json\/wp\/v2\/tags?post=8309"}],"curies":[{"name":"wp","href":"https:\/\/api.w.org\/{rel}","templated":true}]}}