{"id":9734,"date":"2022-06-09T10:47:53","date_gmt":"2022-06-09T08:47:53","guid":{"rendered":"https:\/\/cleura.com\/?p=9734"},"modified":"2022-06-09T10:49:36","modified_gmt":"2022-06-09T08:49:36","slug":"forsta-fysiska-openinfra-summit-pa-flera-ar","status":"publish","type":"post","link":"https:\/\/cleura.com\/sv\/artikel\/forsta-fysiska-openinfra-summit-pa-flera-ar\/","title":{"rendered":"F\u00f6rsta fysiska OpenInfra Summit p\u00e5 flera \u00e5r"},"content":{"rendered":"\n<p>Efter ett par \u00e5r av virtuella m\u00f6ten \u00e4r det fysiska OpenInfra Summit \u00e4ntligen tillbaka, den h\u00e4r g\u00e5ngen i Berlin!<\/p>\n\n\n\n<p>\u00d6ver 1000 entusiaster har samlats f\u00f6r att delta och vi bjuds p\u00e5 sp\u00e4nnande keynotes, sessioner och m\u00f6ten som t\u00e4cker in alla \u00e4mnen relaterade till \u00f6ppen infrastruktur.<\/p>\n\n\n\n<p>Tekniktrender \u00e4r st\u00e4ndigt n\u00e4rvarande p\u00e5 en konferens som denna, och i \u00e5r ser vi tv\u00e5 speciella \u00e4mnen som f\u00e5r mer tid p\u00e5 den stora scenen \u2013 digital suver\u00e4nitet och klimatfr\u00e5gor.<\/p>\n\n\n\n<h2 class=\"wp-block-heading\" id=\"h-hallbara-molnbaserade-arbetsbelastningar\">H\u00e5llbara, molnbaserade arbetsbelastningar<\/h2>\n\n\n\n<p>IT-branschen har fortfarande mycket arbete kvar att g\u00f6ra f\u00f6r att st\u00e4vja CO2-utsl\u00e4ppen inom IT-drift.<\/p>\n\n\n\n<figure class=\"wp-block-image size-large\"><img loading=\"lazy\" decoding=\"async\" width=\"1024\" height=\"576\" src=\"https:\/\/cleura.com\/wp-content\/uploads\/2022\/06\/OpenInfra-Summit-Stuart-Grace-1024x576.jpg\" alt=\"\" class=\"wp-image-9727\" srcset=\"https:\/\/cleura.com\/wp-content\/uploads\/2022\/06\/OpenInfra-Summit-Stuart-Grace-1024x576.jpg 1024w, https:\/\/cleura.com\/wp-content\/uploads\/2022\/06\/OpenInfra-Summit-Stuart-Grace-300x169.jpg 300w, https:\/\/cleura.com\/wp-content\/uploads\/2022\/06\/OpenInfra-Summit-Stuart-Grace-768x432.jpg 768w, https:\/\/cleura.com\/wp-content\/uploads\/2022\/06\/OpenInfra-Summit-Stuart-Grace-100x56.jpg 100w, https:\/\/cleura.com\/wp-content\/uploads\/2022\/06\/OpenInfra-Summit-Stuart-Grace-890x501.jpg 890w, https:\/\/cleura.com\/wp-content\/uploads\/2022\/06\/OpenInfra-Summit-Stuart-Grace.jpg 1280w\" sizes=\"auto, (max-width: 1024px) 100vw, 1024px\" \/><\/figure>\n\n\n\n<p>Stuart Grace och BBC R&amp;D har gjort omfattande forskning om hur IT-f\u00f6retag kan f\u00e5 fullst\u00e4ndig kontroll \u00f6ver sin energianv\u00e4ndning och hur vissa &#8221;jobb&#8221;, eller arbetsbelastningar (workloads) p\u00e5verkar CO2-utsl\u00e4ppen.<\/p>\n\n\n\n<p>Stuart visade hur man kan presenterar en tydlig bild, i realtid, genom att m\u00e4ta vilken typ av energik\u00e4lla som anv\u00e4nds vid varje given tidpunkt och koppla det till CPU-cykler.<\/p>\n\n\n\n<p>En arbetsbelastning kan till exempel ha helt olika utsl\u00e4ppsniv\u00e5er baserat p\u00e5 om datacentret har tillg\u00e5ng till vindkraft n\u00e4r det k\u00f6rs. D\u00e4remot kan samma arbetsbelastning ha flera g\u00e5nger h\u00f6gre utsl\u00e4ppsniv\u00e5er om den k\u00f6rs vid en annan tid p\u00e5 dygnet. Genom att styra n\u00e4r arbetsbelastningen sker kan man dramatiskt p\u00e5verka utsl\u00e4ppsniv\u00e5erna f\u00f6r alla typer av arbetsbelastningar.<\/p>\n\n\n\n<p>Nyckeln \u00e4r att f\u00f6rst\u00e5 m\u00f6nster och hur utsl\u00e4ppen fluktuerar och varf\u00f6r. Med dessa kritiska data och s\u00e4tt att t\u00e4nka p\u00e5 v\u00e5r f\u00f6rm\u00e5ga att p\u00e5verka utsl\u00e4ppsniv\u00e5er kan hela IT-branschen driva p\u00e5 ett mer h\u00e5llbart s\u00e4tt att sk\u00f6ta molndrift.<\/p>\n\n\n\n<h2 class=\"wp-block-heading\">Regeringsf\u00f6retr\u00e4dare \u2013 f\u00f6rsta g\u00e5ngen p\u00e5 OpenInfra Summit<\/h2>\n\n\n\n<p>Tv\u00e5 regeringsrepresentanter intog f\u00f6r f\u00f6rsta g\u00e5ngen huvudscenen vid OpenInfra Summit. Tyskland och Sverige presenterade p\u00e5g\u00e5ende initiativ kring sina respektive digitala resor och hur de planerar att st\u00f6dja olika EU-insatser.<\/p>\n\n\n\n<figure class=\"wp-block-image size-large\"><img loading=\"lazy\" decoding=\"async\" width=\"1024\" height=\"576\" src=\"https:\/\/cleura.com\/wp-content\/uploads\/2022\/06\/OpenInfra-Summit-Berlin-Daniel-Melin-1-1024x576.jpg\" alt=\"\" class=\"wp-image-9725\" srcset=\"https:\/\/cleura.com\/wp-content\/uploads\/2022\/06\/OpenInfra-Summit-Berlin-Daniel-Melin-1-1024x576.jpg 1024w, https:\/\/cleura.com\/wp-content\/uploads\/2022\/06\/OpenInfra-Summit-Berlin-Daniel-Melin-1-300x169.jpg 300w, https:\/\/cleura.com\/wp-content\/uploads\/2022\/06\/OpenInfra-Summit-Berlin-Daniel-Melin-1-768x432.jpg 768w, https:\/\/cleura.com\/wp-content\/uploads\/2022\/06\/OpenInfra-Summit-Berlin-Daniel-Melin-1-100x56.jpg 100w, https:\/\/cleura.com\/wp-content\/uploads\/2022\/06\/OpenInfra-Summit-Berlin-Daniel-Melin-1-890x501.jpg 890w, https:\/\/cleura.com\/wp-content\/uploads\/2022\/06\/OpenInfra-Summit-Berlin-Daniel-Melin-1.jpg 1280w\" sizes=\"auto, (max-width: 1024px) 100vw, 1024px\" \/><\/figure>\n\n\n\n<p>Frederic Lardinois fr\u00e5n TechCrunch intervjuade Dr Franziska Brantiner fr\u00e5n Tysklands federala ministerium f\u00f6r ekonomiska fr\u00e5gor och klimat\u00e5tg\u00e4rder samt Daniel Melin fr\u00e5n Skatteverket.<\/p>\n\n\n\n<p>B\u00e5da l\u00e4nderna \u00e4r ivriga att driva den digitala agendan fram\u00e5t och bli b\u00e4ttre p\u00e5 att anv\u00e4nda kraften i det digitala. Det \u00e4r dock lika tydligt att digital suver\u00e4nitet \u00e4r en v\u00e4sentlig punkt i ljuset av geopolitiska utmaningar som p\u00e5verkar leveranskedjor till nationell s\u00e4kerhet p\u00e5 s\u00e5 m\u00e5nga s\u00e4tt.<\/p>\n\n\n\n<p>F\u00f6rutom att g\u00f6ra det som EU \u00e4r vana vid \u2013 att skapa och erbjuda finansiellt st\u00f6d f\u00f6r olika projekt \u2013 finns det ocks\u00e5 en mer direkt anv\u00e4ndning reda pengar. Till exempel \u00f6ppnar Skatteverket f\u00f6r att anv\u00e4nda open source-projekt p\u00e5 ett mer framtr\u00e4dande s\u00e4tt f\u00f6r att skapa ett b\u00e4ttre val p\u00e5 marknaden. Att upphandla nya typer av applikationer d\u00e4r \u00f6ppen k\u00e4llkod st\u00e5r i centrum fr\u00e4mjar f\u00f6r\u00e4ndringar som kommer att p\u00e5verka hela branschen.<\/p>\n\n\n\n<p>\u00d6ppen infrastruktur har aldrig varit viktigare eftersom digital suver\u00e4nitet och valm\u00f6jligheter p\u00e5 marknaden har blivit kritiska faktorer f\u00f6r regeringar och f\u00f6retag \u00f6ver hela v\u00e4rlden. OpenInfra Foundation \u00e4r en avg\u00f6rande intressent f\u00f6r att s\u00e4kerst\u00e4lla att \u00f6ppen k\u00e4llkodsprojekt kan frodas och vara en del av v\u00e5ra ekosystem.<\/p>\n\n\n\n<p>\u00d6verv\u00e4g att g\u00e5 med i de \u00f6ppen k\u00e4llkodsprojekt som \u00e4r viktiga f\u00f6r dig och din organisation!<\/p>\n\n\n\n<div style=\"height:100px\" aria-hidden=\"true\" class=\"wp-block-spacer\"><\/div>\n\n\n<div style=\"font-size:28px;\" class=\"wp-block-post-author\"><div class=\"wp-block-post-author__avatar\"><img alt='' src='https:\/\/secure.gravatar.com\/avatar\/cdd2da906a9cc4d08115d85601a97d0a5a4c5e00e2c7446605b952d326ccc9e3?s=96&#038;d=mm&#038;r=g' srcset='https:\/\/secure.gravatar.com\/avatar\/cdd2da906a9cc4d08115d85601a97d0a5a4c5e00e2c7446605b952d326ccc9e3?s=192&#038;d=mm&#038;r=g 2x' class='avatar avatar-96 photo' height='96' width='96' \/><\/div><div class=\"wp-block-post-author__content\"><p class=\"wp-block-post-author__byline\">VP Innovation at Cleura, Open Infrastructure Foundation Board Member<\/p><p class=\"wp-block-post-author__name\">\u00d6zg\u00fcr Bal<\/p><\/div><\/div>","protected":false},"excerpt":{"rendered":"<p>Efter ett par \u00e5r av virtuella m\u00f6ten \u00e4r det fysiska OpenInfra Summit \u00e4ntligen tillbaka, den h\u00e4r g\u00e5ngen i Berlin! \u00d6ver 1000 entusiaster har samlats f\u00f6r att delta och vi bjuds p\u00e5 sp\u00e4nnande keynotes, sessioner och m\u00f6ten som t\u00e4cker in alla \u00e4mnen relaterade till \u00f6ppen infrastruktur. Tekniktrender \u00e4r st\u00e4ndigt n\u00e4rvarande p\u00e5 en konferens som denna, och i \u00e5r ser vi tv\u00e5 &#8230; <\/p>\n<div><a href=\"https:\/\/cleura.com\/sv\/artikel\/forsta-fysiska-openinfra-summit-pa-flera-ar\/\" class=\"more-link\">Read More<\/a><\/div>\n","protected":false},"author":2,"featured_media":9719,"comment_status":"closed","ping_status":"open","sticky":false,"template":"","format":"standard","meta":{"footnotes":""},"categories":[500],"tags":[],"class_list":["post-9734","post","type-post","status-publish","format-standard","has-post-thumbnail","hentry","category-artikel"],"yoast_head":"<!-- This site is optimized with the Yoast SEO Premium plugin v27.3 (Yoast SEO v27.3) - https:\/\/yoast.com\/product\/yoast-seo-premium-wordpress\/ -->\n<title>F\u00f6rsta fysiska OpenInfra Summit p\u00e5 flera \u00e5r - Cleura<\/title>\n<meta name=\"robots\" content=\"index, follow, max-snippet:-1, max-image-preview:large, max-video-preview:-1\" \/>\n<link rel=\"canonical\" href=\"https:\/\/cleura.com\/sv\/artikel\/forsta-fysiska-openinfra-summit-pa-flera-ar\/\" \/>\n<meta property=\"og:locale\" content=\"sv_SE\" \/>\n<meta property=\"og:type\" content=\"article\" \/>\n<meta property=\"og:title\" content=\"F\u00f6rsta fysiska OpenInfra Summit p\u00e5 flera \u00e5r\" \/>\n<meta property=\"og:description\" content=\"Efter ett par \u00e5r av virtuella m\u00f6ten \u00e4r det fysiska OpenInfra Summit \u00e4ntligen tillbaka, den h\u00e4r g\u00e5ngen i Berlin! \u00d6ver 1000 entusiaster har samlats f\u00f6r att delta och vi bjuds p\u00e5 sp\u00e4nnande keynotes, sessioner och m\u00f6ten som t\u00e4cker in alla \u00e4mnen relaterade till \u00f6ppen infrastruktur. Tekniktrender \u00e4r st\u00e4ndigt n\u00e4rvarande p\u00e5 en konferens som denna, och i \u00e5r ser vi tv\u00e5 ... Read More\" \/>\n<meta property=\"og:url\" content=\"https:\/\/cleura.com\/sv\/artikel\/forsta-fysiska-openinfra-summit-pa-flera-ar\/\" \/>\n<meta property=\"og:site_name\" content=\"Cleura\" \/>\n<meta property=\"article:publisher\" content=\"https:\/\/www.facebook.com\/CleuraCloud\" \/>\n<meta property=\"article:published_time\" content=\"2022-06-09T08:47:53+00:00\" \/>\n<meta property=\"article:modified_time\" content=\"2022-06-09T08:49:36+00:00\" \/>\n<meta property=\"og:image\" content=\"https:\/\/cleura.com\/wp-content\/uploads\/2022\/06\/OpenInfra-Summit-Berlin.jpg\" \/>\n\t<meta property=\"og:image:width\" content=\"1280\" \/>\n\t<meta property=\"og:image:height\" content=\"720\" \/>\n\t<meta property=\"og:image:type\" content=\"image\/jpeg\" \/>\n<meta name=\"author\" content=\"\u00d6zg\u00fcr Bal\" \/>\n<meta name=\"twitter:card\" content=\"summary_large_image\" \/>\n<meta name=\"twitter:creator\" content=\"@cleuracloud\" \/>\n<meta name=\"twitter:site\" content=\"@cleuracloud\" \/>\n<meta name=\"twitter:label1\" content=\"Skriven av\" \/>\n\t<meta name=\"twitter:data1\" content=\"\u00d6zg\u00fcr Bal\" \/>\n\t<meta name=\"twitter:label2\" content=\"Ber\u00e4knad l\u00e4stid\" \/>\n\t<meta name=\"twitter:data2\" content=\"3 minuter\" \/>\n<script type=\"application\/ld+json\" class=\"yoast-schema-graph\">{\"@context\":\"https:\\\/\\\/schema.org\",\"@graph\":[{\"@type\":\"NewsArticle\",\"@id\":\"https:\\\/\\\/cleura.com\\\/sv\\\/artikel\\\/forsta-fysiska-openinfra-summit-pa-flera-ar\\\/#article\",\"isPartOf\":{\"@id\":\"https:\\\/\\\/cleura.com\\\/sv\\\/artikel\\\/forsta-fysiska-openinfra-summit-pa-flera-ar\\\/\"},\"author\":{\"name\":\"\u00d6zg\u00fcr Bal\",\"@id\":\"https:\\\/\\\/cleura.com\\\/sv\\\/#\\\/schema\\\/person\\\/6baa9d84bec164966cebbbdb77b1f284\"},\"headline\":\"F\u00f6rsta fysiska OpenInfra Summit p\u00e5 flera \u00e5r\",\"datePublished\":\"2022-06-09T08:47:53+00:00\",\"dateModified\":\"2022-06-09T08:49:36+00:00\",\"mainEntityOfPage\":{\"@id\":\"https:\\\/\\\/cleura.com\\\/sv\\\/artikel\\\/forsta-fysiska-openinfra-summit-pa-flera-ar\\\/\"},\"wordCount\":600,\"publisher\":{\"@id\":\"https:\\\/\\\/cleura.com\\\/sv\\\/#organization\"},\"image\":{\"@id\":\"https:\\\/\\\/cleura.com\\\/sv\\\/artikel\\\/forsta-fysiska-openinfra-summit-pa-flera-ar\\\/#primaryimage\"},\"thumbnailUrl\":\"https:\\\/\\\/cleura.com\\\/wp-content\\\/uploads\\\/2022\\\/06\\\/OpenInfra-Summit-Berlin.jpg\",\"articleSection\":[\"Artikel\"],\"inLanguage\":\"sv-SE\"},{\"@type\":\"WebPage\",\"@id\":\"https:\\\/\\\/cleura.com\\\/sv\\\/artikel\\\/forsta-fysiska-openinfra-summit-pa-flera-ar\\\/\",\"url\":\"https:\\\/\\\/cleura.com\\\/sv\\\/artikel\\\/forsta-fysiska-openinfra-summit-pa-flera-ar\\\/\",\"name\":\"F\u00f6rsta fysiska OpenInfra Summit p\u00e5 flera \u00e5r - Cleura\",\"isPartOf\":{\"@id\":\"https:\\\/\\\/cleura.com\\\/sv\\\/#website\"},\"primaryImageOfPage\":{\"@id\":\"https:\\\/\\\/cleura.com\\\/sv\\\/artikel\\\/forsta-fysiska-openinfra-summit-pa-flera-ar\\\/#primaryimage\"},\"image\":{\"@id\":\"https:\\\/\\\/cleura.com\\\/sv\\\/artikel\\\/forsta-fysiska-openinfra-summit-pa-flera-ar\\\/#primaryimage\"},\"thumbnailUrl\":\"https:\\\/\\\/cleura.com\\\/wp-content\\\/uploads\\\/2022\\\/06\\\/OpenInfra-Summit-Berlin.jpg\",\"datePublished\":\"2022-06-09T08:47:53+00:00\",\"dateModified\":\"2022-06-09T08:49:36+00:00\",\"breadcrumb\":{\"@id\":\"https:\\\/\\\/cleura.com\\\/sv\\\/artikel\\\/forsta-fysiska-openinfra-summit-pa-flera-ar\\\/#breadcrumb\"},\"inLanguage\":\"sv-SE\",\"potentialAction\":[{\"@type\":\"ReadAction\",\"target\":[\"https:\\\/\\\/cleura.com\\\/sv\\\/artikel\\\/forsta-fysiska-openinfra-summit-pa-flera-ar\\\/\"]}]},{\"@type\":\"ImageObject\",\"inLanguage\":\"sv-SE\",\"@id\":\"https:\\\/\\\/cleura.com\\\/sv\\\/artikel\\\/forsta-fysiska-openinfra-summit-pa-flera-ar\\\/#primaryimage\",\"url\":\"https:\\\/\\\/cleura.com\\\/wp-content\\\/uploads\\\/2022\\\/06\\\/OpenInfra-Summit-Berlin.jpg\",\"contentUrl\":\"https:\\\/\\\/cleura.com\\\/wp-content\\\/uploads\\\/2022\\\/06\\\/OpenInfra-Summit-Berlin.jpg\",\"width\":1280,\"height\":720},{\"@type\":\"BreadcrumbList\",\"@id\":\"https:\\\/\\\/cleura.com\\\/sv\\\/artikel\\\/forsta-fysiska-openinfra-summit-pa-flera-ar\\\/#breadcrumb\",\"itemListElement\":[{\"@type\":\"ListItem\",\"position\":1,\"name\":\"Hem\",\"item\":\"https:\\\/\\\/cleura.com\\\/sv\\\/cleura-det-europeiska-molnet\\\/\"},{\"@type\":\"ListItem\",\"position\":2,\"name\":\"F\u00f6rsta fysiska OpenInfra Summit p\u00e5 flera \u00e5r\"}]},{\"@type\":\"WebSite\",\"@id\":\"https:\\\/\\\/cleura.com\\\/sv\\\/#website\",\"url\":\"https:\\\/\\\/cleura.com\\\/sv\\\/\",\"name\":\"Cleura\",\"description\":\"Freedom to innovate\",\"publisher\":{\"@id\":\"https:\\\/\\\/cleura.com\\\/sv\\\/#organization\"},\"potentialAction\":[{\"@type\":\"SearchAction\",\"target\":{\"@type\":\"EntryPoint\",\"urlTemplate\":\"https:\\\/\\\/cleura.com\\\/sv\\\/?s={search_term_string}\"},\"query-input\":{\"@type\":\"PropertyValueSpecification\",\"valueRequired\":true,\"valueName\":\"search_term_string\"}}],\"inLanguage\":\"sv-SE\"},{\"@type\":\"Organization\",\"@id\":\"https:\\\/\\\/cleura.com\\\/sv\\\/#organization\",\"name\":\"Cleura\",\"url\":\"https:\\\/\\\/cleura.com\\\/sv\\\/\",\"logo\":{\"@type\":\"ImageObject\",\"inLanguage\":\"sv-SE\",\"@id\":\"https:\\\/\\\/cleura.com\\\/sv\\\/#\\\/schema\\\/logo\\\/image\\\/\",\"url\":\"https:\\\/\\\/cleura.com\\\/wp-content\\\/uploads\\\/2022\\\/04\\\/Cleura-Logotyp-Svart.png\",\"contentUrl\":\"https:\\\/\\\/cleura.com\\\/wp-content\\\/uploads\\\/2022\\\/04\\\/Cleura-Logotyp-Svart.png\",\"width\":1000,\"height\":237,\"caption\":\"Cleura\"},\"image\":{\"@id\":\"https:\\\/\\\/cleura.com\\\/sv\\\/#\\\/schema\\\/logo\\\/image\\\/\"},\"sameAs\":[\"https:\\\/\\\/www.facebook.com\\\/CleuraCloud\",\"https:\\\/\\\/x.com\\\/cleuracloud\",\"https:\\\/\\\/www.linkedin.com\\\/company\\\/cleura\",\"https:\\\/\\\/www.youtube.com\\\/c\\\/Cleura\"]},{\"@type\":\"Person\",\"@id\":\"https:\\\/\\\/cleura.com\\\/sv\\\/#\\\/schema\\\/person\\\/6baa9d84bec164966cebbbdb77b1f284\",\"name\":\"\u00d6zg\u00fcr Bal\",\"image\":{\"@type\":\"ImageObject\",\"inLanguage\":\"sv-SE\",\"@id\":\"https:\\\/\\\/secure.gravatar.com\\\/avatar\\\/cdd2da906a9cc4d08115d85601a97d0a5a4c5e00e2c7446605b952d326ccc9e3?s=96&d=mm&r=g\",\"url\":\"https:\\\/\\\/secure.gravatar.com\\\/avatar\\\/cdd2da906a9cc4d08115d85601a97d0a5a4c5e00e2c7446605b952d326ccc9e3?s=96&d=mm&r=g\",\"contentUrl\":\"https:\\\/\\\/secure.gravatar.com\\\/avatar\\\/cdd2da906a9cc4d08115d85601a97d0a5a4c5e00e2c7446605b952d326ccc9e3?s=96&d=mm&r=g\",\"caption\":\"\u00d6zg\u00fcr Bal\"}}]}<\/script>\n<!-- \/ Yoast SEO Premium plugin. -->","yoast_head_json":{"title":"F\u00f6rsta fysiska OpenInfra Summit p\u00e5 flera \u00e5r - Cleura","robots":{"index":"index","follow":"follow","max-snippet":"max-snippet:-1","max-image-preview":"max-image-preview:large","max-video-preview":"max-video-preview:-1"},"canonical":"https:\/\/cleura.com\/sv\/artikel\/forsta-fysiska-openinfra-summit-pa-flera-ar\/","og_locale":"sv_SE","og_type":"article","og_title":"F\u00f6rsta fysiska OpenInfra Summit p\u00e5 flera \u00e5r","og_description":"Efter ett par \u00e5r av virtuella m\u00f6ten \u00e4r det fysiska OpenInfra Summit \u00e4ntligen tillbaka, den h\u00e4r g\u00e5ngen i Berlin! \u00d6ver 1000 entusiaster har samlats f\u00f6r att delta och vi bjuds p\u00e5 sp\u00e4nnande keynotes, sessioner och m\u00f6ten som t\u00e4cker in alla \u00e4mnen relaterade till \u00f6ppen infrastruktur. Tekniktrender \u00e4r st\u00e4ndigt n\u00e4rvarande p\u00e5 en konferens som denna, och i \u00e5r ser vi tv\u00e5 ... Read More","og_url":"https:\/\/cleura.com\/sv\/artikel\/forsta-fysiska-openinfra-summit-pa-flera-ar\/","og_site_name":"Cleura","article_publisher":"https:\/\/www.facebook.com\/CleuraCloud","article_published_time":"2022-06-09T08:47:53+00:00","article_modified_time":"2022-06-09T08:49:36+00:00","og_image":[{"width":1280,"height":720,"url":"https:\/\/cleura.com\/wp-content\/uploads\/2022\/06\/OpenInfra-Summit-Berlin.jpg","type":"image\/jpeg"}],"author":"\u00d6zg\u00fcr Bal","twitter_card":"summary_large_image","twitter_creator":"@cleuracloud","twitter_site":"@cleuracloud","twitter_misc":{"Skriven av":"\u00d6zg\u00fcr Bal","Ber\u00e4knad l\u00e4stid":"3 minuter"},"schema":{"@context":"https:\/\/schema.org","@graph":[{"@type":"NewsArticle","@id":"https:\/\/cleura.com\/sv\/artikel\/forsta-fysiska-openinfra-summit-pa-flera-ar\/#article","isPartOf":{"@id":"https:\/\/cleura.com\/sv\/artikel\/forsta-fysiska-openinfra-summit-pa-flera-ar\/"},"author":{"name":"\u00d6zg\u00fcr Bal","@id":"https:\/\/cleura.com\/sv\/#\/schema\/person\/6baa9d84bec164966cebbbdb77b1f284"},"headline":"F\u00f6rsta fysiska OpenInfra Summit p\u00e5 flera \u00e5r","datePublished":"2022-06-09T08:47:53+00:00","dateModified":"2022-06-09T08:49:36+00:00","mainEntityOfPage":{"@id":"https:\/\/cleura.com\/sv\/artikel\/forsta-fysiska-openinfra-summit-pa-flera-ar\/"},"wordCount":600,"publisher":{"@id":"https:\/\/cleura.com\/sv\/#organization"},"image":{"@id":"https:\/\/cleura.com\/sv\/artikel\/forsta-fysiska-openinfra-summit-pa-flera-ar\/#primaryimage"},"thumbnailUrl":"https:\/\/cleura.com\/wp-content\/uploads\/2022\/06\/OpenInfra-Summit-Berlin.jpg","articleSection":["Artikel"],"inLanguage":"sv-SE"},{"@type":"WebPage","@id":"https:\/\/cleura.com\/sv\/artikel\/forsta-fysiska-openinfra-summit-pa-flera-ar\/","url":"https:\/\/cleura.com\/sv\/artikel\/forsta-fysiska-openinfra-summit-pa-flera-ar\/","name":"F\u00f6rsta fysiska OpenInfra Summit p\u00e5 flera \u00e5r - Cleura","isPartOf":{"@id":"https:\/\/cleura.com\/sv\/#website"},"primaryImageOfPage":{"@id":"https:\/\/cleura.com\/sv\/artikel\/forsta-fysiska-openinfra-summit-pa-flera-ar\/#primaryimage"},"image":{"@id":"https:\/\/cleura.com\/sv\/artikel\/forsta-fysiska-openinfra-summit-pa-flera-ar\/#primaryimage"},"thumbnailUrl":"https:\/\/cleura.com\/wp-content\/uploads\/2022\/06\/OpenInfra-Summit-Berlin.jpg","datePublished":"2022-06-09T08:47:53+00:00","dateModified":"2022-06-09T08:49:36+00:00","breadcrumb":{"@id":"https:\/\/cleura.com\/sv\/artikel\/forsta-fysiska-openinfra-summit-pa-flera-ar\/#breadcrumb"},"inLanguage":"sv-SE","potentialAction":[{"@type":"ReadAction","target":["https:\/\/cleura.com\/sv\/artikel\/forsta-fysiska-openinfra-summit-pa-flera-ar\/"]}]},{"@type":"ImageObject","inLanguage":"sv-SE","@id":"https:\/\/cleura.com\/sv\/artikel\/forsta-fysiska-openinfra-summit-pa-flera-ar\/#primaryimage","url":"https:\/\/cleura.com\/wp-content\/uploads\/2022\/06\/OpenInfra-Summit-Berlin.jpg","contentUrl":"https:\/\/cleura.com\/wp-content\/uploads\/2022\/06\/OpenInfra-Summit-Berlin.jpg","width":1280,"height":720},{"@type":"BreadcrumbList","@id":"https:\/\/cleura.com\/sv\/artikel\/forsta-fysiska-openinfra-summit-pa-flera-ar\/#breadcrumb","itemListElement":[{"@type":"ListItem","position":1,"name":"Hem","item":"https:\/\/cleura.com\/sv\/cleura-det-europeiska-molnet\/"},{"@type":"ListItem","position":2,"name":"F\u00f6rsta fysiska OpenInfra Summit p\u00e5 flera \u00e5r"}]},{"@type":"WebSite","@id":"https:\/\/cleura.com\/sv\/#website","url":"https:\/\/cleura.com\/sv\/","name":"Cleura","description":"Freedom to innovate","publisher":{"@id":"https:\/\/cleura.com\/sv\/#organization"},"potentialAction":[{"@type":"SearchAction","target":{"@type":"EntryPoint","urlTemplate":"https:\/\/cleura.com\/sv\/?s={search_term_string}"},"query-input":{"@type":"PropertyValueSpecification","valueRequired":true,"valueName":"search_term_string"}}],"inLanguage":"sv-SE"},{"@type":"Organization","@id":"https:\/\/cleura.com\/sv\/#organization","name":"Cleura","url":"https:\/\/cleura.com\/sv\/","logo":{"@type":"ImageObject","inLanguage":"sv-SE","@id":"https:\/\/cleura.com\/sv\/#\/schema\/logo\/image\/","url":"https:\/\/cleura.com\/wp-content\/uploads\/2022\/04\/Cleura-Logotyp-Svart.png","contentUrl":"https:\/\/cleura.com\/wp-content\/uploads\/2022\/04\/Cleura-Logotyp-Svart.png","width":1000,"height":237,"caption":"Cleura"},"image":{"@id":"https:\/\/cleura.com\/sv\/#\/schema\/logo\/image\/"},"sameAs":["https:\/\/www.facebook.com\/CleuraCloud","https:\/\/x.com\/cleuracloud","https:\/\/www.linkedin.com\/company\/cleura","https:\/\/www.youtube.com\/c\/Cleura"]},{"@type":"Person","@id":"https:\/\/cleura.com\/sv\/#\/schema\/person\/6baa9d84bec164966cebbbdb77b1f284","name":"\u00d6zg\u00fcr Bal","image":{"@type":"ImageObject","inLanguage":"sv-SE","@id":"https:\/\/secure.gravatar.com\/avatar\/cdd2da906a9cc4d08115d85601a97d0a5a4c5e00e2c7446605b952d326ccc9e3?s=96&d=mm&r=g","url":"https:\/\/secure.gravatar.com\/avatar\/cdd2da906a9cc4d08115d85601a97d0a5a4c5e00e2c7446605b952d326ccc9e3?s=96&d=mm&r=g","contentUrl":"https:\/\/secure.gravatar.com\/avatar\/cdd2da906a9cc4d08115d85601a97d0a5a4c5e00e2c7446605b952d326ccc9e3?s=96&d=mm&r=g","caption":"\u00d6zg\u00fcr Bal"}}]}},"_links":{"self":[{"href":"https:\/\/cleura.com\/sv\/wp-json\/wp\/v2\/posts\/9734","targetHints":{"allow":["GET"]}}],"collection":[{"href":"https:\/\/cleura.com\/sv\/wp-json\/wp\/v2\/posts"}],"about":[{"href":"https:\/\/cleura.com\/sv\/wp-json\/wp\/v2\/types\/post"}],"author":[{"embeddable":true,"href":"https:\/\/cleura.com\/sv\/wp-json\/wp\/v2\/users\/2"}],"replies":[{"embeddable":true,"href":"https:\/\/cleura.com\/sv\/wp-json\/wp\/v2\/comments?post=9734"}],"version-history":[{"count":4,"href":"https:\/\/cleura.com\/sv\/wp-json\/wp\/v2\/posts\/9734\/revisions"}],"predecessor-version":[{"id":9738,"href":"https:\/\/cleura.com\/sv\/wp-json\/wp\/v2\/posts\/9734\/revisions\/9738"}],"wp:featuredmedia":[{"embeddable":true,"href":"https:\/\/cleura.com\/sv\/wp-json\/wp\/v2\/media\/9719"}],"wp:attachment":[{"href":"https:\/\/cleura.com\/sv\/wp-json\/wp\/v2\/media?parent=9734"}],"wp:term":[{"taxonomy":"category","embeddable":true,"href":"https:\/\/cleura.com\/sv\/wp-json\/wp\/v2\/categories?post=9734"},{"taxonomy":"post_tag","embeddable":true,"href":"https:\/\/cleura.com\/sv\/wp-json\/wp\/v2\/tags?post=9734"}],"curies":[{"name":"wp","href":"https:\/\/api.w.org\/{rel}","templated":true}]}}