{"id":9889,"date":"2022-08-25T08:00:00","date_gmt":"2022-08-25T06:00:00","guid":{"rendered":"https:\/\/cleura.com\/?p=9889"},"modified":"2025-06-04T10:09:44","modified_gmt":"2025-06-04T08:09:44","slug":"cleura-och-nuiteqs-samarbete-utokar-utbudet-av-lagliga-digitala-motesalternativ-till-offentliga-sverige","status":"publish","type":"post","link":"https:\/\/cleura.com\/sv\/pressmeddelanden\/cleura-och-nuiteqs-samarbete-utokar-utbudet-av-lagliga-digitala-motesalternativ-till-offentliga-sverige\/","title":{"rendered":"Cleura och NUITEQs samarbete ut\u00f6kar utbudet av lagliga digitala m\u00f6tesalternativ till offentliga Sverige"},"content":{"rendered":"\n<p>Det europeiska molnf\u00f6retaget Cleura meddelar idag att den svenska programvaruleverant\u00f6ren f\u00f6r enklare digitala samarbeten, NUITEQ, har valt att leverera sin tj\u00e4nst fr\u00e5n Cleuras digitala infrastruktur med inbyggd regelefterlevnad.&nbsp;<\/p>\n\n\n\n<p>NUITEQ skapar l\u00f6sningar som g\u00f6r det l\u00e4ttare f\u00f6r myndigheter, organisationer och f\u00f6retag att samarbeta digitalt. F\u00f6retagets tj\u00e4nst f\u00f6r digitala m\u00f6ten, <a href=\"https:\/\/www.nuiteq.com\/sv\/stage\">NUITEQ Stage<\/a>, rekommenderades nyligen som m\u00f6testj\u00e4nst av <a href=\"https:\/\/www.esamverka.se\/aktuellt\/nyheter\/nyheter\/2022-07-06-kravspecifikation-for-digital-samarbetsplattform.html\">eSamverkan-gruppen<\/a> i deras kartl\u00e4ggning om alternativ till amerikanska samarbetsl\u00f6sningar. Med tj\u00e4nsten driftad p\u00e5 Cleuras <a href=\"https:\/\/cleura.com\/sv\/compliant-cloud\/\">Compliant Cloud<\/a>, som har inbyggd regelefterlevnad f\u00f6r exempelvis GDPR och OSL, kan kunderna vara trygga med att den personliga integriteten inte \u00e4ventyras och att dataskyddslagar efterlevs.\u00a0<\/p>\n\n\n\n<div style=\"height:50px\" aria-hidden=\"true\" class=\"wp-block-spacer\"><\/div>\n\n\n\n<figure class=\"wp-block-mamaduka-bookmark-card is-style-horizontal\"><a class=\"bookmark-card\" href=\"https:\/\/www.esamverka.se\/aktuellt\/nyheter\/nyheter\/2022-07-06-kravspecifikation-for-digital-samarbetsplattform.html\" target=\"_blank\" rel=\"noreferrer noopener\"><div class=\"bookmark-card__image\"><img decoding=\"async\" src=\"https:\/\/www.esamverka.se\/images\/18.1d126bc174ad1e6c39c014\/1600371399817\/ogimage.png\"\/><\/div><div class=\"bookmark-card__content\"><div class=\"bookmark-card__title\">Kravspecifikation f\u00f6r digital samarbetsplattform &#8211; eSamverka<\/div><div class=\"bookmark-card__description\">Resultatet fr\u00e5n arbetet med  digital samarbetsplattform   redovisades f\u00f6r eSams styrgrupp den 29 juni. I samband med det publicerades ett st\u00f6ddokument f\u00f6r de som vill g\u00f6ra en egen  PoC   &#8211; proof of concept &#8211; och nu \u00e4r ocks\u00e5 kravspecifikationen tillg\u00e4nglig.<\/div><div class=\"bookmark_card__meta\"><span class=\"bookmark_card__meta-publisher\">www.esamverka.se<\/span><\/div><\/div><\/a><\/figure>\n\n\n\n<div style=\"height:50px\" aria-hidden=\"true\" class=\"wp-block-spacer\"><\/div>\n\n\n\n<p><em>\u2013 Efterfr\u00e5gan p\u00e5 s\u00e4kra, lagliga och p\u00e5litliga digitala m\u00f6tesl\u00f6sningar utvecklade och driftade i Sverige har \u00f6kat dramatiskt sedan f\u00f6rra \u00e5rets ogiltigf\u00f6rklarande av data\u00f6verf\u00f6ringsavtalet mellan EU och USA. <\/em><\/p>\n\n\n\n<p class=\"has-background has-large-font-size\" style=\"background:linear-gradient(135deg,rgb(255,102,0) 0%,rgb(255,255,255) 100%)\"><em>Mot bakgrund av detta har vi beslutat att drifta NUITEQ Stage p\u00e5 ett europeiskt moln som lever upp till lokala lagar och regler. F\u00f6r detta \u00e4ndam\u00e5l \u00e4r Cleura det sj\u00e4lvklara och b\u00e4sta alternativet<\/em>.<\/p>\n\n\n\n<p>Inte minst eftersom b\u00e5de <em>v\u00e5r tj\u00e4nst och Cleura \u00e4r rekommenderade av eSam i Sverige<\/em>, s\u00e4ger Harry van der Veen, CEO och medgrundare p\u00e5 NUITEQ.&nbsp;<\/p>\n\n\n\n<div style=\"height:50px\" aria-hidden=\"true\" class=\"wp-block-spacer\"><\/div>\n\n\n\n<figure class=\"wp-block-mamaduka-bookmark-card is-style-horizontal\"><a class=\"bookmark-card\" href=\"https:\/\/www.nuiteq.com\/\" target=\"_blank\" rel=\"noreferrer noopener\"><div class=\"bookmark-card__image\"><img decoding=\"async\" src=\"https:\/\/www.nuiteq.com\/hubfs\/NUITEQ.png#keepProtocol\"\/><\/div><div class=\"bookmark-card__content\"><div class=\"bookmark-card__title\">Collaborative software solutions | NUITEQ<\/div><div class=\"bookmark-card__description\">Collaborative software for remote working and remote and in class education.<\/div><div class=\"bookmark_card__meta\"><img decoding=\"async\" class=\"bookmark_card__meta-icon\" src=\"https:\/\/www.nuiteq.com\/hubfs\/favicon.ico\"\/><span class=\"bookmark_card__meta-publisher\">www.nuiteq.com<\/span><\/div><\/div><\/a><\/figure>\n\n\n\n<div style=\"height:50px\" aria-hidden=\"true\" class=\"wp-block-spacer\"><\/div>\n\n\n\n<p>Den digitala samarbetstj\u00e4nsten kommer inledningsvis att driftas via Compliant Cloud p\u00e5 Cleuras datacenter i Stockholm. Kombinationen Cleura och NUITEQs digitala m\u00f6testj\u00e4nst ger organisationer alla de f\u00f6rdelar som molnet ger och samtidigt m\u00f6jligheten att kunna utveckla och bygga tj\u00e4nster p\u00e5 en plattform som lever upp till de h\u00f6gsta s\u00e4kerhetsf\u00f6reskrifterna d\u00e4r all data behandlas i enlighet med europeiska datalagar. &nbsp;<\/p>\n\n\n\n<div style=\"height:50px\" aria-hidden=\"true\" class=\"wp-block-spacer\"><\/div>\n\n\n\n<figure class=\"wp-block-mamaduka-bookmark-card is-style-horizontal\"><a class=\"bookmark-card\" href=\"https:\/\/cleura.com\/sv\/compliant-cloud\/\" target=\"_blank\" rel=\"noopener\"><div class=\"bookmark-card__image\"><img decoding=\"async\" src=\"https:\/\/cleura.com\/wp-content\/uploads\/2025\/03\/startpage-2.png\"\/><\/div><div class=\"bookmark-card__content\"><div class=\"bookmark-card__title\">Compliant Cloud &#8211; F\u00f6r Verksamhetskritiska Data &#8211; Cleura<\/div><div class=\"bookmark-card__description\">Cleura Compliant Cloud \u00e4r en robust europeisk molnplattform f\u00f6r innovation, utformad f\u00f6r verksamhetskritiska data och applikationer.<\/div><div class=\"bookmark_card__meta\"><span class=\"bookmark_card__meta-publisher\">cleura.com<\/span><\/div><\/div><\/a><\/figure>\n\n\n\n<div style=\"height:50px\" aria-hidden=\"true\" class=\"wp-block-spacer\"><\/div>\n\n\n\n<p class=\"has-background has-large-font-size\" style=\"background:linear-gradient(135deg,rgb(255,102,0) 0%,rgb(255,255,255) 99%)\"><em>\u2013 NUITEQ och Cleura har samma drivkraft, att utveckla innovativa digitala tj\u00e4nster som samtidigt g\u00f6r att kunderna kan vara trygga med deras informationen hanteras enligt g\u00e4llande lagar och regler i Europa.<\/em> <em>D\u00e4r den personliga integriteten inte kr\u00e4nks! <\/em><\/p>\n\n\n\n<p><em>Jag ser d\u00e4rf\u00f6r fram emot att arbeta tillsammans med NUITEQ i deras expansion och d\u00e4rmed forts\u00e4tta att bygga ett europeiskt ekosystem av digitala tj\u00e4nster, <\/em>kommenterar Johan Christenson, grundare och VP Innovation p\u00e5 Cleura. &nbsp;<\/p>\n\n\n\n<div style=\"height:50px\" aria-hidden=\"true\" class=\"wp-block-spacer\"><\/div>\n\n\n\n<h2 class=\"wp-block-heading\"><strong>Cleuras internationella r\u00e4ckvidd viktig del i NUITEQs internationella tillv\u00e4xt<\/strong><\/h2>\n\n\n\n<p>NUITEQ, som har huvudkontor i Skellefte\u00e5 och kontor i Stockholm, har siktet inst\u00e4llt p\u00e5 att bli st\u00f6rst i Skandinavien inom digitala verktyg f\u00f6r effektiva, lagliga och s\u00e4kra moderna m\u00f6ten.&nbsp;<\/p>\n\n\n\n<p class=\"has-background has-large-font-size\" style=\"background:linear-gradient(135deg,rgb(255,102,0) 0%,rgb(255,255,255) 100%)\"><em>\u2013 F\u00f6rutom att vara en europeisk molnpartner som respekterar lokala datalagar och som lever upp till v\u00e5ra och kundernas h\u00f6gt st\u00e4llda krav p\u00e5 s\u00e4kerhet, kommer Cleura vara en viktig del i v\u00e5r tillv\u00e4xtstrategi. Deras europeiska r\u00e4ckvidd g\u00f6r det m\u00f6jligt f\u00f6r oss att v\u00e4xa med dem, <\/em>avslutar Harry van der Veen.&nbsp;<\/p>\n\n\n\n<div style=\"height:50px\" aria-hidden=\"true\" class=\"wp-block-spacer\"><\/div>\n\n\n<div class=\"wpforms-container wpforms-container-full wpforms-block wpforms-block-d7be9cb0-0645-4151-9708-a2595d4ebf07 cleura-form-guide\" id=\"wpforms-10009\"><form id=\"wpforms-form-10009\" class=\"wpforms-validate wpforms-form wpforms-ajax-form\" data-formid=\"10009\" method=\"post\" enctype=\"multipart\/form-data\" action=\"\/sv\/wp-json\/wp\/v2\/posts\/9889\" data-token=\"d44ee044b7e5fca445127ae266501530\" data-token-time=\"1777348976\"><div class=\"wpforms-head-container\"><div class=\"wpforms-title\">Guide till Cleura Cloud<\/div><div class=\"wpforms-description\">Svara p\u00e5 ett antal fr\u00e5gor och l\u00e4mna dina kontaktuppgifter s\u00e5 ber\u00e4ttar vi hur vi b\u00e4st kan hj\u00e4lpa din organisation och hur ni kan dra nytta av v\u00e5ra IT-infrastrukturtj\u00e4nster samt de tj\u00e4nster och l\u00f6sningar som finns i v\u00e5rt ekosystem.<\/div><\/div><noscript class=\"wpforms-error-noscript\">Aktivera JavaScript i din webbl\u00e4sare f\u00f6r att fylla i formul\u00e4ret.<\/noscript><div class=\"wpforms-page-indicator connector\" data-indicator=\"connector\" data-indicator-color=\"#ff6600\" data-scroll=\"1\"><div class=\"wpforms-page-indicator-page active wpforms-page-indicator-page-1\" style=\"min-width:14.285714285714%;\" data-page=\"1\"><span class=\"wpforms-page-indicator-page-number\" style=\"background-color:#ff6600\" data-page=\"1\">1<span class=\"wpforms-page-indicator-page-triangle\" style=\"border-top-color:#ff6600\"><\/span><\/span><span class=\"wpforms-page-indicator-page-title\">Start<\/span><\/div><div class=\"wpforms-page-indicator-page  wpforms-page-indicator-page-2\" style=\"min-width:14.285714285714%;\" data-page=\"2\"><span class=\"wpforms-page-indicator-page-number\"  data-page=\"2\">2<span class=\"wpforms-page-indicator-page-triangle\" ><\/span><\/span><span class=\"wpforms-page-indicator-page-title\">Verksamhet<\/span><\/div><div class=\"wpforms-page-indicator-page  wpforms-page-indicator-page-3\" style=\"min-width:14.285714285714%;\" data-page=\"3\"><span class=\"wpforms-page-indicator-page-number\"  data-page=\"3\">3<span class=\"wpforms-page-indicator-page-triangle\" ><\/span><\/span><span class=\"wpforms-page-indicator-page-title\">Organisation<\/span><\/div><div class=\"wpforms-page-indicator-page  wpforms-page-indicator-page-4\" style=\"min-width:14.285714285714%;\" data-page=\"4\"><span class=\"wpforms-page-indicator-page-number\"  data-page=\"4\">4<span class=\"wpforms-page-indicator-page-triangle\" ><\/span><\/span><span class=\"wpforms-page-indicator-page-title\">Tj\u00e4nster<\/span><\/div><div class=\"wpforms-page-indicator-page  wpforms-page-indicator-page-5\" style=\"min-width:14.285714285714%;\" data-page=\"5\"><span class=\"wpforms-page-indicator-page-number\"  data-page=\"5\">5<span class=\"wpforms-page-indicator-page-triangle\" ><\/span><\/span><span class=\"wpforms-page-indicator-page-title\">Kunder<\/span><\/div><div class=\"wpforms-page-indicator-page  wpforms-page-indicator-page-6\" style=\"min-width:14.285714285714%;\" data-page=\"6\"><span class=\"wpforms-page-indicator-page-number\"  data-page=\"6\">6<span class=\"wpforms-page-indicator-page-triangle\" ><\/span><\/span><span class=\"wpforms-page-indicator-page-title\">Kontakt<\/span><\/div><div class=\"wpforms-page-indicator-page  wpforms-page-indicator-page-7\" style=\"min-width:14.285714285714%;\" data-page=\"7\"><span class=\"wpforms-page-indicator-page-number\"  data-page=\"7\">7<span class=\"wpforms-page-indicator-page-triangle\" ><\/span><\/span><span class=\"wpforms-page-indicator-page-title\">Indikation<\/span><\/div><\/div><div class=\"wpforms-field-container\"><div class=\"wpforms-page wpforms-page-1 \" data-page=\"1\"><div id=\"wpforms-10009-field_3-container\" class=\"wpforms-field wpforms-field-pagebreak\" data-field-id=\"3\"><\/div><div id=\"wpforms-10009-field_113-container\" class=\"wpforms-field wpforms-field-html\" data-field-id=\"113\"><div id=\"wpforms-10009-field_113\">Svara p\u00e5 ett antal fr\u00e5gor och l\u00e4mna dina kontaktuppgifter s\u00e5 ber\u00e4ttar vi hur vi b\u00e4st kan hj\u00e4lpa din organisation och hur ni kan dra nytta av v\u00e5ra IT-infrastrukturtj\u00e4nster samt de tj\u00e4nster och l\u00f6sningar som finns i v\u00e5rt ekosystem.<\/div><\/div><div id=\"wpforms-10009-field_25-container\" class=\"wpforms-field wpforms-field-pagebreak\" data-field-id=\"25\"><div class=\"wpforms-clear wpforms-pagebreak-left\"><button class=\"wpforms-page-button wpforms-page-next\" data-action=\"next\" data-page=\"1\" data-formid=\"10009\" disabled>N\u00e4sta<\/button><\/div><\/div><\/div><div class=\"wpforms-page wpforms-page-2  \" data-page=\"2\" style=\"display:none;\"><div id=\"wpforms-10009-field_95-container\" class=\"wpforms-field wpforms-field-html\" data-field-id=\"95\"><div id=\"wpforms-10009-field_95\"><br \/><\/div><\/div><div id=\"wpforms-10009-field_42-container\" class=\"wpforms-field wpforms-field-radio wpforms-list-3-columns\" data-field-id=\"42\"><label class=\"wpforms-field-label\">Vilken bransch tillh\u00f6r din verksamhet? <span class=\"wpforms-required-label\">*<\/span><\/label><ul id=\"wpforms-10009-field_42\" class=\"wpforms-field-required\"><li class=\"choice-7 depth-1\"><input type=\"radio\" id=\"wpforms-10009-field_42_7\" name=\"wpforms[fields][42]\" value=\"Dagligvaror\" required ><label class=\"wpforms-field-label-inline\" for=\"wpforms-10009-field_42_7\">Dagligvaror<\/label><\/li><li class=\"choice-1 depth-1\"><input type=\"radio\" id=\"wpforms-10009-field_42_1\" name=\"wpforms[fields][42]\" value=\"Energi\" required ><label class=\"wpforms-field-label-inline\" for=\"wpforms-10009-field_42_1\">Energi<\/label><\/li><li class=\"choice-11 depth-1\"><input type=\"radio\" id=\"wpforms-10009-field_42_11\" name=\"wpforms[fields][42]\" value=\"Fastigheter\" required ><label class=\"wpforms-field-label-inline\" for=\"wpforms-10009-field_42_11\">Fastigheter<\/label><\/li><li class=\"choice-5 depth-1\"><input type=\"radio\" id=\"wpforms-10009-field_42_5\" name=\"wpforms[fields][42]\" value=\"Finans\" required ><label class=\"wpforms-field-label-inline\" for=\"wpforms-10009-field_42_5\">Finans<\/label><\/li><li class=\"choice-6 depth-1\"><input type=\"radio\" id=\"wpforms-10009-field_42_6\" name=\"wpforms[fields][42]\" value=\"H\u00e4lsov\u00e5rd\" required ><label class=\"wpforms-field-label-inline\" for=\"wpforms-10009-field_42_6\">H\u00e4lsov\u00e5rd<\/label><\/li><li class=\"choice-3 depth-1\"><input type=\"radio\" id=\"wpforms-10009-field_42_3\" name=\"wpforms[fields][42]\" value=\"Industrivaror\" required ><label class=\"wpforms-field-label-inline\" for=\"wpforms-10009-field_42_3\">Industrivaror<\/label><\/li><li class=\"choice-4 depth-1\"><input type=\"radio\" id=\"wpforms-10009-field_42_4\" name=\"wpforms[fields][42]\" value=\"Informationsteknik\" required ><label class=\"wpforms-field-label-inline\" for=\"wpforms-10009-field_42_4\">Informationsteknik<\/label><\/li><li class=\"choice-9 depth-1\"><input type=\"radio\" id=\"wpforms-10009-field_42_9\" name=\"wpforms[fields][42]\" value=\"Kraftf\u00f6rs\u00f6rjning\" required ><label class=\"wpforms-field-label-inline\" for=\"wpforms-10009-field_42_9\">Kraftf\u00f6rs\u00f6rjning<\/label><\/li><li class=\"choice-14 depth-1\"><input type=\"radio\" id=\"wpforms-10009-field_42_14\" name=\"wpforms[fields][42]\" value=\"L\u00e4kemedel\" required ><label class=\"wpforms-field-label-inline\" for=\"wpforms-10009-field_42_14\">L\u00e4kemedel<\/label><\/li><li class=\"choice-2 depth-1\"><input type=\"radio\" id=\"wpforms-10009-field_42_2\" name=\"wpforms[fields][42]\" value=\"Material\" required ><label class=\"wpforms-field-label-inline\" for=\"wpforms-10009-field_42_2\">Material<\/label><\/li><li class=\"choice-15 depth-1\"><input type=\"radio\" id=\"wpforms-10009-field_42_15\" name=\"wpforms[fields][42]\" value=\"Medicintekniska produkter\" required ><label class=\"wpforms-field-label-inline\" for=\"wpforms-10009-field_42_15\">Medicintekniska produkter<\/label><\/li><li class=\"choice-13 depth-1\"><input type=\"radio\" id=\"wpforms-10009-field_42_13\" name=\"wpforms[fields][42]\" value=\"Offentlig verksamhet\" required ><label class=\"wpforms-field-label-inline\" for=\"wpforms-10009-field_42_13\">Offentlig verksamhet<\/label><\/li><li class=\"choice-8 depth-1\"><input type=\"radio\" id=\"wpforms-10009-field_42_8\" name=\"wpforms[fields][42]\" value=\"S\u00e4llank\u00f6psvaror\" required ><label class=\"wpforms-field-label-inline\" for=\"wpforms-10009-field_42_8\">S\u00e4llank\u00f6psvaror<\/label><\/li><li class=\"choice-10 depth-1\"><input type=\"radio\" id=\"wpforms-10009-field_42_10\" name=\"wpforms[fields][42]\" value=\"Teleoperat\u00f6rer\" required ><label class=\"wpforms-field-label-inline\" for=\"wpforms-10009-field_42_10\">Teleoperat\u00f6rer<\/label><\/li><\/ul><\/div><div id=\"wpforms-10009-field_43-container\" class=\"wpforms-field wpforms-field-divider\" data-field-id=\"43\"><\/div><div id=\"wpforms-10009-field_5-container\" class=\"wpforms-field wpforms-field-radio wpforms-conditional-trigger\" data-field-id=\"5\"><label class=\"wpforms-field-label\">Tillh\u00f6r din verksamhet en reglerad bransch eller offentlig sektor? <span class=\"wpforms-required-label\">*<\/span><\/label><ul id=\"wpforms-10009-field_5\" class=\"wpforms-field-required\"><li class=\"choice-1 depth-1\"><input type=\"radio\" id=\"wpforms-10009-field_5_1\" name=\"wpforms[fields][5]\" value=\"Ja\" required ><label class=\"wpforms-field-label-inline\" for=\"wpforms-10009-field_5_1\">Ja<\/label><\/li><li class=\"choice-2 depth-1\"><input type=\"radio\" id=\"wpforms-10009-field_5_2\" name=\"wpforms[fields][5]\" value=\"Nej\" required ><label class=\"wpforms-field-label-inline\" for=\"wpforms-10009-field_5_2\">Nej<\/label><\/li><\/ul><div class=\"wpforms-field-description\">Finansbranschen samt h\u00e4lso- och sjukv\u00e5rden \u00e4r exempel p\u00e5 reglerade branscher. F\u00f6retag inom dessa branscher har vanligtvis s\u00e4rskilda lagar och regler som dikterar hur den aktuella verksamheten f\u00e5r bedrivas samt i vissa fall n\u00e5gon form av extern tillsyn.<\/div><\/div><div id=\"wpforms-10009-field_47-container\" class=\"wpforms-field wpforms-field-divider\" data-field-id=\"47\"><\/div><div id=\"wpforms-10009-field_48-container\" class=\"wpforms-field wpforms-field-radio\" data-field-id=\"48\"><label class=\"wpforms-field-label\">Antal anst\u00e4llda <span class=\"wpforms-required-label\">*<\/span><\/label><ul id=\"wpforms-10009-field_48\" class=\"wpforms-field-required\"><li class=\"choice-1 depth-1\"><input type=\"radio\" id=\"wpforms-10009-field_48_1\" name=\"wpforms[fields][48]\" value=\"0-9\" required ><label class=\"wpforms-field-label-inline\" for=\"wpforms-10009-field_48_1\">0-9<\/label><\/li><li class=\"choice-2 depth-1\"><input type=\"radio\" id=\"wpforms-10009-field_48_2\" name=\"wpforms[fields][48]\" value=\"10-49\" required ><label class=\"wpforms-field-label-inline\" for=\"wpforms-10009-field_48_2\">10-49<\/label><\/li><li class=\"choice-5 depth-1\"><input type=\"radio\" id=\"wpforms-10009-field_48_5\" name=\"wpforms[fields][48]\" value=\"50-249\" required ><label class=\"wpforms-field-label-inline\" for=\"wpforms-10009-field_48_5\">50-249<\/label><\/li><li class=\"choice-4 depth-1\"><input type=\"radio\" id=\"wpforms-10009-field_48_4\" name=\"wpforms[fields][48]\" value=\"250-499\" required ><label class=\"wpforms-field-label-inline\" for=\"wpforms-10009-field_48_4\">250-499<\/label><\/li><li class=\"choice-3 depth-1\"><input type=\"radio\" id=\"wpforms-10009-field_48_3\" name=\"wpforms[fields][48]\" value=\"500+\" required ><label class=\"wpforms-field-label-inline\" for=\"wpforms-10009-field_48_3\">500+<\/label><\/li><\/ul><\/div><div id=\"wpforms-10009-field_55-container\" class=\"wpforms-field wpforms-field-pagebreak\" data-field-id=\"55\"><div class=\"wpforms-clear wpforms-pagebreak-left\"><button class=\"wpforms-page-button wpforms-page-prev\" data-action=\"prev\" data-page=\"2\" data-formid=\"10009\" disabled>F\u00f6reg\u00e5ende<\/button><button class=\"wpforms-page-button wpforms-page-next\" data-action=\"next\" data-page=\"2\" data-formid=\"10009\" disabled>N\u00e4sta<\/button><\/div><\/div><\/div><div class=\"wpforms-page wpforms-page-3  \" data-page=\"3\" style=\"display:none;\"><div id=\"wpforms-10009-field_96-container\" class=\"wpforms-field wpforms-field-html\" data-field-id=\"96\"><div id=\"wpforms-10009-field_96\"><br \/><\/div><\/div><div id=\"wpforms-10009-field_54-container\" class=\"wpforms-field wpforms-field-radio wpforms-conditional-trigger\" data-field-id=\"54\"><label class=\"wpforms-field-label\">Har din verksamhet en egen IT-organisation? <span class=\"wpforms-required-label\">*<\/span><\/label><ul id=\"wpforms-10009-field_54\" class=\"wpforms-field-required\"><li class=\"choice-1 depth-1\"><input type=\"radio\" id=\"wpforms-10009-field_54_1\" name=\"wpforms[fields][54]\" value=\"Ja\" required ><label class=\"wpforms-field-label-inline\" for=\"wpforms-10009-field_54_1\">Ja<\/label><\/li><li class=\"choice-2 depth-1\"><input type=\"radio\" id=\"wpforms-10009-field_54_2\" name=\"wpforms[fields][54]\" value=\"Nej\" required ><label class=\"wpforms-field-label-inline\" for=\"wpforms-10009-field_54_2\">Nej<\/label><\/li><\/ul><\/div><div id=\"wpforms-10009-field_70-container\" class=\"wpforms-field wpforms-field-divider\" data-field-id=\"70\"><\/div><div id=\"wpforms-10009-field_66-container\" class=\"wpforms-field wpforms-field-checkbox wpforms-conditional-field wpforms-conditional-show wpforms-conditional-trigger\" data-field-id=\"66\" style=\"display:none;\"><label class=\"wpforms-field-label\">Finns n\u00e5gon av dessa kompetenser inom er IT-organisation? <span class=\"wpforms-required-label\">*<\/span><\/label><ul id=\"wpforms-10009-field_66\" class=\"wpforms-randomize wpforms-field-required\"><li class=\"choice-2 depth-1\"><input type=\"checkbox\" id=\"wpforms-10009-field_66_2\" name=\"wpforms[fields][66][]\" value=\"IaaS (AWS, Cleura, Azure, Google Cloud m.fl.)\" required ><label class=\"wpforms-field-label-inline\" for=\"wpforms-10009-field_66_2\">IaaS (AWS, Cleura, Azure, Google Cloud m.fl.)<\/label><\/li><li class=\"choice-13 depth-1\"><input type=\"checkbox\" id=\"wpforms-10009-field_66_13\" name=\"wpforms[fields][66][]\" value=\"OpenStack\" required ><label class=\"wpforms-field-label-inline\" for=\"wpforms-10009-field_66_13\">OpenStack<\/label><\/li><li class=\"choice-14 depth-1\"><input type=\"checkbox\" id=\"wpforms-10009-field_66_14\" name=\"wpforms[fields][66][]\" value=\"Virtuell drift\" required ><label class=\"wpforms-field-label-inline\" for=\"wpforms-10009-field_66_14\">Virtuell drift<\/label><\/li><li class=\"choice-17 depth-1\"><input type=\"checkbox\" id=\"wpforms-10009-field_66_17\" name=\"wpforms[fields][66][]\" value=\"Nej\" required ><label class=\"wpforms-field-label-inline\" for=\"wpforms-10009-field_66_17\">Nej<\/label><\/li><\/ul><div class=\"wpforms-field-description\"><br>\r\nMarkera alla kompetenser som finns inom er IT-organisation.<\/div><\/div><div id=\"wpforms-10009-field_53-container\" class=\"wpforms-field wpforms-field-radio wpforms-conditional-trigger\" data-field-id=\"53\"><label class=\"wpforms-field-label\">Hur ser din organisation p\u00e5 outsourcing av driftstj\u00e4nster? <span class=\"wpforms-required-label\">*<\/span><\/label><ul id=\"wpforms-10009-field_53\" class=\"wpforms-field-required\"><li class=\"choice-1 depth-1\"><input type=\"radio\" id=\"wpforms-10009-field_53_1\" name=\"wpforms[fields][53]\" value=\"Vi vill inte jobba med outsourcing\" required ><label class=\"wpforms-field-label-inline\" for=\"wpforms-10009-field_53_1\">Vi vill inte jobba med outsourcing<\/label><\/li><li class=\"choice-2 depth-1\"><input type=\"radio\" id=\"wpforms-10009-field_53_2\" name=\"wpforms[fields][53]\" value=\"Vi vill jobba mer med outsourcing\" required ><label class=\"wpforms-field-label-inline\" for=\"wpforms-10009-field_53_2\">Vi vill jobba mer med outsourcing<\/label><\/li><li class=\"choice-3 depth-1\"><input type=\"radio\" id=\"wpforms-10009-field_53_3\" name=\"wpforms[fields][53]\" value=\"Vet ej \/ Vill inte svara\" required ><label class=\"wpforms-field-label-inline\" for=\"wpforms-10009-field_53_3\">Vet ej \/ Vill inte svara<\/label><\/li><\/ul><\/div><div id=\"wpforms-10009-field_74-container\" class=\"wpforms-field wpforms-field-pagebreak\" data-field-id=\"74\"><div class=\"wpforms-clear wpforms-pagebreak-left\"><button class=\"wpforms-page-button wpforms-page-prev\" data-action=\"prev\" data-page=\"3\" data-formid=\"10009\" disabled>F\u00f6reg\u00e5ende<\/button><button class=\"wpforms-page-button wpforms-page-next\" data-action=\"next\" data-page=\"3\" data-formid=\"10009\" disabled>N\u00e4sta<\/button><\/div><\/div><\/div><div class=\"wpforms-page wpforms-page-4  \" data-page=\"4\" style=\"display:none;\"><div id=\"wpforms-10009-field_97-container\" class=\"wpforms-field wpforms-field-html\" data-field-id=\"97\"><div id=\"wpforms-10009-field_97\"><br \/><\/div><\/div><div id=\"wpforms-10009-field_75-container\" class=\"wpforms-field wpforms-field-payment-checkbox wpforms-conditional-trigger\" data-field-id=\"75\"><label class=\"wpforms-field-label\">\u00c4r din verksamhet i behov av specifika tj\u00e4nster och l\u00f6sningar inom n\u00e5got av f\u00f6ljande omr\u00e5den?<\/label><ul id=\"wpforms-10009-field_75\"><li class=\"choice-1\"><input type=\"checkbox\" id=\"wpforms-10009-field_75_1\" class=\"wpforms-payment-price\" data-amount=\"0.00\" name=\"wpforms[fields][75][]\" value=\"1\"  ><label class=\"wpforms-field-label-inline\" for=\"wpforms-10009-field_75_1\">5G &amp; Edge Computing<\/label><\/li><li class=\"choice-2\"><input type=\"checkbox\" id=\"wpforms-10009-field_75_2\" class=\"wpforms-payment-price\" data-amount=\"0.00\" name=\"wpforms[fields][75][]\" value=\"2\"  ><label class=\"wpforms-field-label-inline\" for=\"wpforms-10009-field_75_2\">Artificiell intelligens<\/label><\/li><li class=\"choice-3\"><input type=\"checkbox\" id=\"wpforms-10009-field_75_3\" class=\"wpforms-payment-price\" data-amount=\"0.00\" name=\"wpforms[fields][75][]\" value=\"3\"  ><label class=\"wpforms-field-label-inline\" for=\"wpforms-10009-field_75_3\">Dataintegrationer<\/label><\/li><li class=\"choice-6\"><input type=\"checkbox\" id=\"wpforms-10009-field_75_6\" class=\"wpforms-payment-price\" data-amount=\"0.00\" name=\"wpforms[fields][75][]\" value=\"6\"  ><label class=\"wpforms-field-label-inline\" for=\"wpforms-10009-field_75_6\">E-h\u00e4lsotj\u00e4nster<\/label><\/li><li class=\"choice-5\"><input type=\"checkbox\" id=\"wpforms-10009-field_75_5\" class=\"wpforms-payment-price\" data-amount=\"0.00\" name=\"wpforms[fields][75][]\" value=\"5\"  ><label class=\"wpforms-field-label-inline\" for=\"wpforms-10009-field_75_5\">E-signering<\/label><\/li><li class=\"choice-4\"><input type=\"checkbox\" id=\"wpforms-10009-field_75_4\" class=\"wpforms-payment-price\" data-amount=\"0.00\" name=\"wpforms[fields][75][]\" value=\"4\"  ><label class=\"wpforms-field-label-inline\" for=\"wpforms-10009-field_75_4\">Identitet &amp; s\u00e4kerhet<\/label><\/li><li class=\"choice-8\"><input type=\"checkbox\" id=\"wpforms-10009-field_75_8\" class=\"wpforms-payment-price\" data-amount=\"0.00\" name=\"wpforms[fields][75][]\" value=\"8\"  ><label class=\"wpforms-field-label-inline\" for=\"wpforms-10009-field_75_8\">Internet of Things<\/label><\/li><li class=\"choice-7\"><input type=\"checkbox\" id=\"wpforms-10009-field_75_7\" class=\"wpforms-payment-price\" data-amount=\"0.00\" name=\"wpforms[fields][75][]\" value=\"7\"  ><label class=\"wpforms-field-label-inline\" for=\"wpforms-10009-field_75_7\">Kubernetes<\/label><\/li><li class=\"choice-9\"><input type=\"checkbox\" id=\"wpforms-10009-field_75_9\" class=\"wpforms-payment-price\" data-amount=\"0.00\" name=\"wpforms[fields][75][]\" value=\"9\"  ><label class=\"wpforms-field-label-inline\" for=\"wpforms-10009-field_75_9\">Samarbetsverktyg<\/label><\/li><\/ul><div class=\"wpforms-field-description\"><br>\r\nUt\u00f6ver drift i molnet samlar vi ett ekosystem av tj\u00e4nsteleverant\u00f6rer som baserar sina l\u00f6sningar p\u00e5 v\u00e5ra molntj\u00e4nster, eller anv\u00e4nder v\u00e5ra tj\u00e4nster f\u00f6r att erbjuda versioner av sin l\u00f6sning med inbyggd regelefterlevnad.<\/div><\/div><div id=\"wpforms-10009-field_65-container\" class=\"wpforms-field wpforms-field-pagebreak\" data-field-id=\"65\"><div class=\"wpforms-clear wpforms-pagebreak-left\"><button class=\"wpforms-page-button wpforms-page-prev\" data-action=\"prev\" data-page=\"4\" data-formid=\"10009\" disabled>F\u00f6reg\u00e5ende<\/button><button class=\"wpforms-page-button wpforms-page-next\" data-action=\"next\" data-page=\"4\" data-formid=\"10009\" disabled>N\u00e4sta<\/button><\/div><\/div><\/div><div class=\"wpforms-page wpforms-page-5  \" data-page=\"5\" style=\"display:none;\"><div id=\"wpforms-10009-field_98-container\" class=\"wpforms-field wpforms-field-html\" data-field-id=\"98\"><div id=\"wpforms-10009-field_98\"><br \/><\/div><\/div><div id=\"wpforms-10009-field_68-container\" class=\"wpforms-field wpforms-field-radio wpforms-conditional-trigger\" data-field-id=\"68\"><label class=\"wpforms-field-label\">Har din verksamhet kunder inom reglerade branscher eller offentlig sektor? <span class=\"wpforms-required-label\">*<\/span><\/label><ul id=\"wpforms-10009-field_68\" class=\"wpforms-field-required\"><li class=\"choice-1 depth-1\"><input type=\"radio\" id=\"wpforms-10009-field_68_1\" name=\"wpforms[fields][68]\" value=\"Ja\" required ><label class=\"wpforms-field-label-inline\" for=\"wpforms-10009-field_68_1\">Ja<\/label><\/li><li class=\"choice-2 depth-1\"><input type=\"radio\" id=\"wpforms-10009-field_68_2\" name=\"wpforms[fields][68]\" value=\"Nej\" required ><label class=\"wpforms-field-label-inline\" for=\"wpforms-10009-field_68_2\">Nej<\/label><\/li><\/ul><div class=\"wpforms-field-description\">Om din verksamhet har kunder inom exempelvis offentlig verksamhet, finansbranschen eller h\u00e4lso- och sjukv\u00e5rden kan det st\u00e4llas s\u00e4rskilda krav p\u00e5 dig som leverant\u00f6r.\r\n<br>\r\n<br>\r\nReglerade verksamheter, inom bland annat ovan n\u00e4mnda branscher, har vanligtvis s\u00e4rskilda lagar och regler som dikterar hur den aktuella verksamheten f\u00e5r bedrivas b\u00e5de direkt samt indirekt via underleverant\u00f6rer. I m\u00e5nga fall sker n\u00e5gon form av extern tillsyn.<\/div><\/div><div id=\"wpforms-10009-field_112-container\" class=\"wpforms-field wpforms-field-pagebreak\" data-field-id=\"112\"><div class=\"wpforms-clear wpforms-pagebreak-left\"><button class=\"wpforms-page-button wpforms-page-prev\" data-action=\"prev\" data-page=\"5\" data-formid=\"10009\" disabled>F\u00f6reg\u00e5ende<\/button><button class=\"wpforms-page-button wpforms-page-next\" data-action=\"next\" data-page=\"5\" data-formid=\"10009\" disabled>N\u00e4sta<\/button><\/div><\/div><\/div><div class=\"wpforms-page wpforms-page-6  \" data-page=\"6\" style=\"display:none;\"><div id=\"wpforms-10009-field_99-container\" class=\"wpforms-field wpforms-field-html\" data-field-id=\"99\"><div id=\"wpforms-10009-field_99\"><br \/><\/div><\/div><div id=\"wpforms-10009-field_23-container\" class=\"wpforms-field wpforms-field-divider\" data-field-id=\"23\"><div class=\"wpforms-field-description\">Tack f\u00f6r att du har besvarat fr\u00e5gorna! Fyll i dina kontaktuppgifter f\u00f6r att f\u00e5 din indikation.<\/div><\/div><div id=\"wpforms-10009-field_72-container\" class=\"wpforms-field wpforms-field-divider\" data-field-id=\"72\"><\/div><div id=\"wpforms-10009-field_22-container\" class=\"wpforms-field wpforms-field-name\" data-field-id=\"22\"><label class=\"wpforms-field-label\" for=\"wpforms-10009-field_22\">Namn <span class=\"wpforms-required-label\">*<\/span><\/label><input type=\"text\" id=\"wpforms-10009-field_22\" class=\"wpforms-field-medium wpforms-field-required\" name=\"wpforms[fields][22]\" required><\/div><div id=\"wpforms-10009-field_15-container\" class=\"wpforms-field wpforms-field-email\" data-field-id=\"15\"><label class=\"wpforms-field-label\" for=\"wpforms-10009-field_15\">E-post <span class=\"wpforms-required-label\">*<\/span><\/label><input type=\"email\" id=\"wpforms-10009-field_15\" class=\"wpforms-field-medium wpforms-field-required\" name=\"wpforms[fields][15]\" spellcheck=\"false\" required><\/div><div id=\"wpforms-10009-field_16-container\" class=\"wpforms-field wpforms-field-phone\" data-field-id=\"16\"><label class=\"wpforms-field-label\" for=\"wpforms-10009-field_16\">Telefonnummer <span class=\"wpforms-required-label\">*<\/span><\/label><input type=\"tel\" id=\"wpforms-10009-field_16\" class=\"wpforms-field-medium wpforms-field-required wpforms-smart-phone-field\" data-rule-smart-phone-field=\"true\" name=\"wpforms[fields][16]\" aria-label=\"Telefonnummer\" required><\/div><div id=\"wpforms-10009-field_73-container\" class=\"wpforms-field wpforms-field-divider\" data-field-id=\"73\"><\/div><div id=\"wpforms-10009-field_38-container\" class=\"wpforms-field wpforms-field-gdpr-checkbox\" data-field-id=\"38\"><label class=\"wpforms-field-label\">Dina personuppgifter <span class=\"wpforms-required-label\">*<\/span><\/label><ul id=\"wpforms-10009-field_38\" class=\"wpforms-field-required\"><li class=\"choice-1\"><input type=\"checkbox\" id=\"wpforms-10009-field_38_1\" name=\"wpforms[fields][38][]\" value=\"Jag f\u00f6rst\u00e5r att Cleura kommer att hantera mina personuppgifter i enlighet med v\u00e5rt &lt;a href=&quot;https:\/\/cleura.com\/sv\/privacy-notice\/&quot;&gt;integritetsmeddelande&lt;\/a&gt; och att jag kommer att kontaktas av en molnexpert hos Cleura.\" required ><label class=\"wpforms-field-label-inline\" for=\"wpforms-10009-field_38_1\">Jag f\u00f6rst\u00e5r att Cleura kommer att hantera mina personuppgifter i enlighet med v\u00e5rt <a href=\"https:\/\/cleura.com\/sv\/privacy-notice\/\">integritetsmeddelande<\/a> och att jag kommer att kontaktas av en molnexpert hos Cleura.<\/label><\/li><\/ul><\/div><div id=\"wpforms-10009-field_6-container\" class=\"wpforms-field wpforms-field-pagebreak\" data-field-id=\"6\"><div class=\"wpforms-clear wpforms-pagebreak-left\"><button class=\"wpforms-page-button wpforms-page-prev\" data-action=\"prev\" data-page=\"6\" data-formid=\"10009\" disabled>F\u00f6reg\u00e5ende<\/button><button class=\"wpforms-page-button wpforms-page-next\" data-action=\"next\" data-page=\"6\" data-formid=\"10009\" disabled>N\u00e4sta<\/button><\/div><\/div><\/div><div class=\"wpforms-page wpforms-page-7 last \" data-page=\"7\" style=\"display:none;\"><div id=\"wpforms-10009-field_100-container\" class=\"wpforms-field wpforms-field-html\" data-field-id=\"100\"><div id=\"wpforms-10009-field_100\"><br \/><\/div><\/div><div id=\"wpforms-10009-field_33-container\" class=\"wpforms-field wpforms-field-divider wpforms-conditional-field wpforms-conditional-show\" data-field-id=\"33\" style=\"display:none;\"><div class=\"wpforms-field-description\"><b>V\u00e5r rekommendation &#8211; Compliant Cloud<\/b>\r\n<br>\r\n<br>\r\nBaserat p\u00e5 dina svar tror vi att <b>Cleura Compliant Cloud<\/b> \u00e4r r\u00e4tt molntj\u00e4nst f\u00f6r er organisation. Vidare har ni en egen IT-organisation vilket \u00e4r en f\u00f6ruts\u00e4ttning f\u00f6r att sj\u00e4lvst\u00e4ndigt hantera drift och underh\u00e5ll av er virtuella IT-infrastruktur.\r\n<br>\r\n<br>\r\n<b>Compliant Cloud<\/b>\r\n<br>\r\nCompliant Cloud \u00e4r IT-infrastruktur som tj\u00e4nst f\u00f6r branscher och f\u00f6retag med h\u00f6ga s\u00e4kerhetskrav.<br> Det \u00e4r ett fullfj\u00e4drat, frist\u00e5ende moln som, tack vare skalskydd, s\u00e4kerhetsmekanismer, ISO-certifieringar och specifik loggning, g\u00f6r det m\u00f6jligt f\u00f6r v\u00e5ra kunder att f\u00f6lja sina branschspecifika lagar och standarder f\u00f6r dataskydd.\r\n<br>\r\n<br>\r\n<a href=\"https:\/\/cleura.com\/sv\/tjanster\/compliant-cloud\/\" target=\"_blank\">L\u00e4s mer om Compliant Cloud<\/a>\r\n<br>\r\n<a href=\"https:\/\/cleura.com\/wp-content\/uploads\/2022\/05\/Customer_Case-Folksam-SE.pdf\" target=\"_blank\">S\u00e5 \u00f6kar Folksam innovationstakten med Cleura Compliant Cloud<\/a>\r\n<br>\r\n<a href=\"https:\/\/cleura.com\/sv\/pressmeddelanden\/e-halsobolaget-evimeria-valjer-city-network-for-saker-hantering-av-patientjournaler-i-molnet\/\" target=\"_blank\">D\u00e4rf\u00f6r lagrar Evimiera patientjournaler i Cleura Compliant Cloud<\/a>\r\n<br><br><\/div><\/div><div id=\"wpforms-10009-field_87-container\" class=\"wpforms-field wpforms-field-divider wpforms-conditional-field wpforms-conditional-show\" data-field-id=\"87\" style=\"display:none;\"><div class=\"wpforms-field-description\"><b>V\u00e5r rekommendation &#8211; Compliant Cloud med en integrat\u00f6r<\/b>\r\n<br>\r\n<br>\r\nBaserat p\u00e5 dina svar tror vi att <b>Cleura Compliant Cloud<\/b> \u00e4r r\u00e4tt molntj\u00e4nst f\u00f6r er organisation. Avsaknaden av en egen IT-organisation samt det faktum att ni \u00e4r positivt inst\u00e4llda till att outsourca hela eller delar av er IT-drift g\u00f6r att vi rekommenderar vidare dialog ihop med en av v\u00e5ra integrationspartners.\r\n<br>\r\n<br>\r\n<b>Compliant Cloud<\/b>\r\n<br>\r\nCompliant Cloud \u00e4r IT-infrastruktur som tj\u00e4nst f\u00f6r branscher och f\u00f6retag med h\u00f6ga s\u00e4kerhetskrav.<br> Det \u00e4r ett fullfj\u00e4drat, frist\u00e5ende moln som, tack vare skalskydd, s\u00e4kerhetsmekanismer, ISO-certifieringar och specifik loggning, g\u00f6r det m\u00f6jligt f\u00f6r v\u00e5ra kunder att f\u00f6lja sina branschspecifika lagar och standarder f\u00f6r dataskydd.\r\n<br>\r\n<br>\r\n<a href=\"https:\/\/cleura.com\/sv\/tjanster\/compliant-cloud\/\" target=\"_blank\">L\u00e4s mer om Compliant Cloud<\/a>\r\n<br>\r\n<a href=\"https:\/\/cleura.com\/wp-content\/uploads\/2022\/05\/Customer_Case-Folksam-SE.pdf\" target=\"_blank\">S\u00e5 \u00f6kar Folksam innovationstakten med Cleura Compliant Cloud<\/a>\r\n<br>\r\n<a href=\"https:\/\/cleura.com\/sv\/pressmeddelanden\/e-halsobolaget-evimeria-valjer-city-network-for-saker-hantering-av-patientjournaler-i-molnet\/\" target=\"_blank\">D\u00e4rf\u00f6r lagrar Evimiera patientjournaler i Cleura Compliant Cloud<\/a>\r\n<br><br><\/div><\/div><div id=\"wpforms-10009-field_88-container\" class=\"wpforms-field wpforms-field-divider wpforms-conditional-field wpforms-conditional-show\" data-field-id=\"88\" style=\"display:none;\"><div class=\"wpforms-field-description\"><b>V\u00e5r rekommendation &#8211; Compliant Cloud med eller utan en integrat\u00f6r<\/b>\r\n<br>\r\n<br>\r\nBaserat p\u00e5 dina svar tror vi att <b>Cleura Compliant Cloud<\/b> \u00e4r r\u00e4tt molntj\u00e4nst f\u00f6r er organisation. Vidare har ni en egen IT-organisation vilket \u00e4r en f\u00f6ruts\u00e4ttning f\u00f6r att sj\u00e4lvst\u00e4ndigt hantera drift och underh\u00e5ll av er virtuella it-infrastruktur men eftersom ni \u00e4r positivt inst\u00e4llda till outsourcing rekommenderar vi \u00e4ven en fortsatt dialog med en av v\u00e5ra integrationspartners.\r\n<br>\r\n<br>\r\n<b>Compliant Cloud<\/b>\r\n<br>\r\nCompliant Cloud \u00e4r IT-infrastruktur som tj\u00e4nst f\u00f6r branscher och f\u00f6retag med h\u00f6ga s\u00e4kerhetskrav.<br> Det \u00e4r ett fullfj\u00e4drat, frist\u00e5ende moln som, tack vare skalskydd, s\u00e4kerhetsmekanismer, ISO-certifieringar och specifik loggning, g\u00f6r det m\u00f6jligt f\u00f6r v\u00e5ra kunder att f\u00f6lja sina branschspecifika lagar och standarder f\u00f6r dataskydd.\r\n<br>\r\n<br>\r\n<a href=\"https:\/\/cleura.com\/sv\/tjanster\/compliant-cloud\/\" target=\"_blank\">L\u00e4s mer om Compliant Cloud<\/a>\r\n<br>\r\n<a href=\"https:\/\/cleura.com\/wp-content\/uploads\/2022\/05\/Customer_Case-Folksam-SE.pdf\" target=\"_blank\">S\u00e5 \u00f6kar Folksam innovationstakten med Cleura Compliant Cloud<\/a>\r\n<br>\r\n<a href=\"https:\/\/cleura.com\/sv\/pressmeddelanden\/e-halsobolaget-evimeria-valjer-city-network-for-saker-hantering-av-patientjournaler-i-molnet\/\" target=\"_blank\">D\u00e4rf\u00f6r lagrar Evimiera patientjournaler i Cleura Compliant Cloud<\/a>\r\n<br><br><\/div><\/div><div id=\"wpforms-10009-field_32-container\" class=\"wpforms-field wpforms-field-divider wpforms-conditional-field wpforms-conditional-show\" data-field-id=\"32\" style=\"display:none;\"><div class=\"wpforms-field-description\"><b>Vi beh\u00f6ver l\u00e4ra oss mer om era utmaningar<\/b>\r\n<br>\r\n<br>\r\nBaserat p\u00e5 dina svar beh\u00f6ver vi l\u00e4ra oss mer om era utmaningar f\u00f6r att kunna ge en komplett rekommendation. Dina svar pekar p\u00e5 att <b>Cleura Compliant Cloud<\/b> \u00e4r r\u00e4tt molntj\u00e4nst f\u00f6r er organisation men avsaknaden av en egen IT-organisation kombinerat med att ni inte vill jobba med outsourcing g\u00f6r att vi tyv\u00e4rr inte kan ta st\u00e4llning till hur ni b\u00f6r g\u00e5 vidare i nul\u00e4get.\r\n<br>\r\n<br>\r\nVi tolkar ditt svarsm\u00f6nster som att du och din organisation beh\u00f6ver \u00e4nnu mer st\u00f6d i att tackla digitaliseringens utmaningar och en t\u00e4tare dialog kring hur vi kan hj\u00e4lpa er p\u00e5 den resan.\r\n<br>\r\n<br>\r\nVi kommer att kontakta dig f\u00f6r att boka ett m\u00f6te d\u00e4r vi kan ta reda p\u00e5 mer om era utmaningar och ber\u00e4tta mer om hur vi kan guida in er i molnet.\r\n<br><br><\/div><\/div><div id=\"wpforms-10009-field_89-container\" class=\"wpforms-field wpforms-field-divider wpforms-conditional-field wpforms-conditional-show\" data-field-id=\"89\" style=\"display:none;\"><div class=\"wpforms-field-description\"><b>Vi beh\u00f6ver l\u00e4ra oss mer om era utmaningar<\/b>\r\n<br>\r\n<br>\r\nBaserat p\u00e5 dina svar beh\u00f6ver vi l\u00e4ra oss mer om era utmaningar f\u00f6r att kunna ge en komplett rekommendation. Dina svar pekar p\u00e5 att <b>Cleura Public Cloud<\/b> \u00e4r r\u00e4tt molntj\u00e4nst f\u00f6r er organisation men avsaknaden av en egen IT-organisation kombinerat med att ni inte vill jobba med outsourcing g\u00f6r att vi tyv\u00e4rr inte kan ta st\u00e4llning till hur ni b\u00f6r g\u00e5 vidare i nul\u00e4get.\r\n<br>\r\n<br>\r\nVi tolkar ditt svarsm\u00f6nster som att du och din organisation beh\u00f6ver \u00e4nnu mer st\u00f6d i att tackla digitaliseringens utmaningar och en t\u00e4tare dialog kring hur vi kan hj\u00e4lpa er p\u00e5 den resan.\r\n<br>\r\n<br>\r\nVi kommer att kontakta dig f\u00f6r att boka ett m\u00f6te d\u00e4r vi kan ta reda p\u00e5 mer om era utmaningar och ber\u00e4tta mer om hur vi kan guida in er i molnet.\r\n<br><br><\/div><\/div><div id=\"wpforms-10009-field_8-container\" class=\"wpforms-field wpforms-field-divider wpforms-conditional-field wpforms-conditional-show\" data-field-id=\"8\" style=\"display:none;\"><div class=\"wpforms-field-description\"><b>V\u00e5r rekommendation &#8211; Public Cloud<\/b>\r\n<br>\r\n<br>\r\nBaserat p\u00e5 dina svar tror vi att <b>Cleura Public Cloud<\/b> \u00e4r r\u00e4tt molntj\u00e4nst f\u00f6r er organisation. Tack vare att ni har en egen IT-organisation har ni alla f\u00f6ruts\u00e4ttningar att sj\u00e4lvst\u00e4ndigt hantera drift och underh\u00e5ll av er virtuella IT-infrastruktur.\r\n<br>\r\n<br>\r\n<b>Cleura Public Cloud<\/b>\r\n<br>\r\nI v\u00e5rt publika moln bygger ni snabbt, enkelt och kostnadseffektivt upp en virtuell servermilj\u00f6, containerkluster eller datasj\u00f6 direkt i webbl\u00e4saren eller via v\u00e5rt API. Ni v\u00e4ljer sj\u00e4lva vilken eller vilka geografiska regioner ni vill anv\u00e4nda och kan enkelt bygga redundanta milj\u00f6er f\u00f6r alla typer av anv\u00e4ndningsomr\u00e5den.\r\n<br>\r\n<br>\r\n<a href=\"https:\/\/cleura.cloud\/login\" target=\"_blank\">Skapa konto och kom ig\u00e5ng direkt<\/a>\r\n<br><br><\/div><\/div><div id=\"wpforms-10009-field_90-container\" class=\"wpforms-field wpforms-field-divider wpforms-conditional-field wpforms-conditional-show\" data-field-id=\"90\" style=\"display:none;\"><div class=\"wpforms-field-description\"><b>V\u00e5r rekommendation &#8211; Public Cloud med implementation och Managed Services eller med integrat\u00f6r<\/b>\r\n<br>\r\n<br>\r\nBaserat p\u00e5 dina svar tror vi att <b>Cleura Public Cloud<\/b> \u00e4r r\u00e4tt molntj\u00e4nst f\u00f6r er organisation. Det faktum att ni \u00e4r positivt inst\u00e4llda till att outsourca hela eller delar av er IT-drift medf\u00f6r att ni har flera alternativ p\u00e5 hur ni b\u00e4st tacklar digitaliseringsresan. Vi kan sj\u00e4lva erbjuda hj\u00e4lp med arkitektur, implementation, drift och underh\u00e5ll men tar g\u00e4rna en dialog om en implementationspartner kan vara r\u00e4tt v\u00e4g att g\u00e5.\r\n<br>\r\n<br>\r\n<b>Cleura Public Cloud<\/b>\r\n<br>\r\nI v\u00e5rt publika moln bygger ni snabbt, enkelt och kostnadseffektivt upp en virtuell servermilj\u00f6, containerkluster eller datasj\u00f6 direkt i webbl\u00e4saren eller via v\u00e5rt API. Ni v\u00e4ljer sj\u00e4lva vilken eller vilka geografiska regioner ni vill anv\u00e4nda och kan enkelt bygga redundanta milj\u00f6er f\u00f6r alla typer av anv\u00e4ndningsomr\u00e5den.\r\n<br>\r\n<br>\r\n<a href=\"https:\/\/cleura.cloud\/login\" target=\"_blank\">Skapa konto och kom ig\u00e5ng direkt<\/a>\r\n<br>\r\n<br>\r\n<b>Professional Services<\/b>\r\n<br>\r\nV\u00e5ra tekniker och arkitekter utm\u00e4rker sig inom open source-l\u00f6sningar f\u00f6r cloud computing och distribuerad lagring och kan hj\u00e4lpa din organisation varje steg p\u00e5 v\u00e4gen. Oavsett om du beh\u00f6ver oss f\u00f6r olika niv\u00e5er av teknisk support, distribution av en OpenStack-milj\u00f6 eller ett lagringskluster med Ceph, har vi kunskap och erfarenhet att guida dig genom hela processen.\r\n<br>\r\n<br>\r\n<a href=\"https:\/\/cleura.com\/sv\/tjanster\/professional-services\/\" target=\"_blank\">L\u00e4s med om Professional Services<\/a>\r\n<br>\r\n<br>\r\n<b>Managed Services<\/b>\r\n<br>\r\nV\u00e5rt Managed Services-team kan fungera som dina fj\u00e4rrh\u00e4nder f\u00f6r att s\u00e4kerst\u00e4lla att dina databaser, s\u00e4kerhetskopior, Kubernetes-kluster och mer tas om hand 24\/7\/365. Dessa till\u00e4ggstj\u00e4nster kan appliceras p\u00e5 vilken del av din Cleura-infrastruktur som helst och l\u00e5ter dig fokusera p\u00e5 det du \u00e4r b\u00e4st p\u00e5 medan vi g\u00f6r samma sak.\r\n<br>\r\n<br>\r\n<a href=\"https:\/\/cleura.com\/sv\/tjanster\/managed-services\/\" target=\"_blank\">L\u00e4s mer om Managed Services<\/a>\r\n<br><br><\/div><\/div><div id=\"wpforms-10009-field_91-container\" class=\"wpforms-field wpforms-field-divider wpforms-conditional-field wpforms-conditional-show\" data-field-id=\"91\" style=\"display:none;\"><div class=\"wpforms-field-description\"><b>V\u00e5r rekommendation &#8211; Public Cloud med eller utan en integrat\u00f6r<\/b>\r\n<br>\r\n<br>\r\nBaserat p\u00e5 dina svar tror vi att <b>Cleura Public Cloud<\/b> \u00e4r r\u00e4tt molntj\u00e4nst f\u00f6r er organisation.  Vidare har ni en egen IT-organisation vilket \u00e4r en f\u00f6ruts\u00e4ttning f\u00f6r att sj\u00e4lvst\u00e4ndigt hantera drift och underh\u00e5ll av er virtuella it-infrastruktur men eftersom ni \u00e4r positivt inst\u00e4llda till outsourcing har ni har flera alternativ att p\u00e5 b\u00e4sta s\u00e4tt tackla digitaliseringsresan. Vi kan sj\u00e4lva erbjuda hj\u00e4lp med arkitektur, implementation, drift och underh\u00e5ll men tar g\u00e4rna en dialog om en implementationspartner kan vara r\u00e4tt v\u00e4g att g\u00e5 f\u00f6r just er verksamhet.\r\n<br>\r\n<br>\r\n<b>Cleura Public Cloud<\/b>\r\n<br>\r\nI v\u00e5rt publika moln bygger ni snabbt, enkelt och kostnadseffektivt upp en virtuell servermilj\u00f6, containerkluster eller datasj\u00f6 direkt i webbl\u00e4saren eller via v\u00e5rt API. Ni v\u00e4ljer sj\u00e4lva vilken eller vilka geografiska regioner ni vill anv\u00e4nda och kan enkelt bygga redundanta milj\u00f6er f\u00f6r alla typer av anv\u00e4ndningsomr\u00e5den.\r\n<br>\r\n<br>\r\n<a href=\"https:\/\/cleura.cloud\/login\" target=\"_blank\">Skapa konto och kom ig\u00e5ng direkt<\/a>\r\n<br>\r\n<br>\r\n<b>Professional Services<\/b>\r\n<br>\r\nV\u00e5ra tekniker och arkitekter utm\u00e4rker sig inom open source-l\u00f6sningar f\u00f6r cloud computing och distribuerad lagring och kan hj\u00e4lpa din organisation varje steg p\u00e5 v\u00e4gen. Oavsett om du beh\u00f6ver oss f\u00f6r olika niv\u00e5er av teknisk support, distribution av en OpenStack-milj\u00f6 eller ett lagringskluster med Ceph, har vi kunskap och erfarenhet att guida dig genom hela processen.\r\n<br>\r\n<br>\r\n<a href=\"https:\/\/cleura.com\/sv\/tjanster\/professional-services\/\" target=\"_blank\">L\u00e4s med om Professional Services<\/a>\r\n<br>\r\n<br>\r\n<b>Managed Services<\/b>\r\n<br>\r\nV\u00e5rt Managed Services-team kan fungera som dina fj\u00e4rrh\u00e4nder f\u00f6r att s\u00e4kerst\u00e4lla att dina databaser, s\u00e4kerhetskopior, Kubernetes-kluster och mer tas om hand 24\/7\/365. Dessa till\u00e4ggstj\u00e4nster kan appliceras p\u00e5 vilken del av din Cleura-infrastruktur som helst och l\u00e5ter dig fokusera p\u00e5 det du \u00e4r b\u00e4st p\u00e5 medan vi g\u00f6r samma sak.\r\n<br>\r\n<br>\r\n<a href=\"https:\/\/cleura.com\/sv\/tjanster\/managed-services\/\" target=\"_blank\">L\u00e4s mer om Managed Services<\/a>\r\n<br><br><\/div><\/div><div id=\"wpforms-10009-field_85-container\" class=\"wpforms-field wpforms-field-divider wpforms-conditional-field wpforms-conditional-show\" data-field-id=\"85\" style=\"display:none;\"><div class=\"wpforms-field-description\"><b>Utbildning<\/b>\r\n<br>\r\n<br>\r\nAlla v\u00e5ra IaaS-tj\u00e4nster baseras p\u00e5 OpenStack, en mjukvara byggd med \u00f6ppen k\u00e4llkod f\u00f6r att drifta moln. Det \u00e4r en stor f\u00f6rdel att l\u00e5ta er IT-organisation l\u00e4ra sig allt om hur er viktigaste tillg\u00e5ng, er it-milj\u00f6, ska hanteras.\r\n<br>\r\n<br>\r\nV\u00e5rt utbildningsteam kan utbilda din IT-organisation inom olika delar av cloud computing. Vi tillhandah\u00e5ller b\u00e5de sj\u00e4lvstudier och l\u00e4rarstyrda utbildningar, teknisk dokumentation och skr\u00e4ddarsydda kurser f\u00f6r just era behov. Med v\u00e5r webbaserade utbildningsplattform kan vi hj\u00e4lpa din IT-organisation att n\u00e5 sin fulla potential genom v\u00e5ra onlinekurser.\r\n<br>\r\n<br>\r\n<a href=\"https:\/\/cleura.com\/sv\/tjanster\/cleura-cloud-academy\/\" target=\"_blank\">L\u00e4s mer om Cleura Cloud Academy<\/a>\r\n<br><br><\/div><\/div><div id=\"wpforms-10009-field_12-container\" class=\"wpforms-field wpforms-field-divider wpforms-conditional-field wpforms-conditional-show\" data-field-id=\"12\" style=\"display:none;\"><div class=\"wpforms-field-description\"><b>Vidareutbildning<\/b>\r\n<br>\r\n<br>\r\nAlla v\u00e5ra IaaS-tj\u00e4nster baseras p\u00e5 OpenStack, en mjukvara byggd med \u00f6ppen k\u00e4llkod f\u00f6r att drifta moln.\r\n<br>\r\n<br>\r\nEnligt dina svar har er IT-organisation kompetens inom <b>OpenStack<\/b> och vi tror att ni snabbt kan komma ig\u00e5ng och dra nytta av all den funktionalitet som v\u00e5rt publika moln erbjuder.\r\n<br>\r\n<br>\r\nOm din It-organisation beh\u00f6ver vidareutbildas inom molntj\u00e4nster i allm\u00e4nhet och OpenStack i synnerhet rekommenderar vi att ta en titt p\u00e5 v\u00e5ra utbildningar.\r\nV\u00e5rt utbildningsteam kan utbilda din organisation inom olika delar av cloud computing. Vi tillhandah\u00e5ller b\u00e5de sj\u00e4lvstudier och l\u00e4rarstyrda utbildningar, teknisk dokumentation och skr\u00e4ddarsydda kurser f\u00f6r just era behov. Med v\u00e5r webbaserade utbildningsplattform kan vi hj\u00e4lpa din organisation att n\u00e5 sin fulla potential genom v\u00e5ra onlinekurser.\r\n<br>\r\n<br>\r\n<a href=\"https:\/\/cleura.com\/sv\/tjanster\/cleura-cloud-academy\/\" target=\"_blank\">L\u00e4s mer om Cleura Cloud Academy<\/a>\r\n<br><br><\/div><\/div><div id=\"wpforms-10009-field_9-container\" class=\"wpforms-field wpforms-field-divider wpforms-conditional-field wpforms-conditional-show\" data-field-id=\"9\" style=\"display:none;\"><div class=\"wpforms-field-description\"><b>Andra tj\u00e4nster och l\u00f6sningar<\/b>\r\n<br>\r\n<br>\r\nDina svar tyder p\u00e5 att din organisation \u00e4r i behov av ytterligare tj\u00e4nster och l\u00f6sningar som v\u00e5ra kunder och partners tillhandah\u00e5ller.\r\n<br>\r\n<br>\r\n<b>Compliant by Cleura<\/b><br>\r\nCompliant by Cleura \u00e4r en samling l\u00f6sningar, tj\u00e4nster och applikationer som anv\u00e4nder v\u00e5ra molntj\u00e4nster. Deras infrastrukturlager (IaaS) behandlar och lagrar personuppgifter i enlighet med europeiska dataskyddslagar och f\u00f6rordningar.\r\n<br>\r\n<br>\r\n<a href=\"https:\/\/cleura.com\/sv\/compliant-by-cleura\/\" target=\"_blank\">Utforska Compliant by Cleura<\/a>\r\n<br>\r\n<br>\r\n<blockquote>\r\n<li>5G &#038; Edge computing<\/li>\r\n<li>Converstational AI<\/li>\r\n<li>Data integrationer<\/li>\r\n<li>E-h\u00e4lsotj\u00e4nster<\/li>\r\n<li>E-signering<\/li>\r\n<li>Identitet &#038; S\u00e4kerhet<\/li>\r\n<li>IoT management<\/li>\r\n<li>KPaaS<\/li>\r\n<li>Samarbetsverktyg<\/li><\/blockquote>\r\n<br><br><\/div><\/div><div id=\"wpforms-10009-field_4-container\" class=\"wpforms-field wpforms-field-pagebreak\" data-field-id=\"4\"><div class=\"wpforms-clear wpforms-pagebreak-left\"><\/div><\/div><\/div><\/div><!-- .wpforms-field-container --><div class=\"wpforms-submit-container\" style=\"display:none;\"><input type=\"hidden\" name=\"wpforms[id]\" value=\"10009\"><input type=\"hidden\" name=\"page_title\" value=\"\"><input type=\"hidden\" name=\"page_url\" value=\"https:\/\/cleura.com\/sv\/wp-json\/wp\/v2\/posts\/9889\"><input type=\"hidden\" name=\"url_referer\" value=\"\"><div class=\"frc-captcha \" data-sitekey=\"FCMJ0U90J0RGUVD3\" data-lang=\"sv\" data-puzzle-endpoint=\"https:\/\/eu-api.friendlycaptcha.eu\/api\/v1\/puzzle\"><\/div>\n\t\t<noscript>You need to enable Javascript for the anti-spam check.<\/noscript><button type=\"submit\" name=\"wpforms[submit]\" id=\"wpforms-submit-10009\" class=\"wpforms-submit cleura-form-button\" data-alt-text=\"Skickar...\" data-submit-text=\"Klar\" aria-live=\"assertive\" value=\"wpforms-submit\">Klar<\/button><img loading=\"lazy\" decoding=\"async\" src=\"https:\/\/cleura.com\/wp-content\/plugins\/wpforms\/assets\/images\/submit-spin.svg\" class=\"wpforms-submit-spinner\" style=\"display: none;\" width=\"26\" height=\"26\" alt=\"Laddar\"><\/div><\/form><\/div>  <!-- .wpforms-container -->\n\n\n<div style=\"height:50px\" aria-hidden=\"true\" class=\"wp-block-spacer\"><\/div>\n\n\n\n<h2 class=\"wp-block-heading\" id=\"h-om-nuiteq\"><strong>Om NUITEQ<\/strong><\/h2>\n\n\n\n<p>NUITEQ \u00e4r ett mjukvaruf\u00f6retag som skapar l\u00f6sningar som g\u00f6r det l\u00e4ttare f\u00f6r grupper, skolor och f\u00f6retag att samarbeta p\u00e5 ett smartare, m\u00e4nskligare s\u00e4tt. Vi tror alla kan delta, dela med sig, l\u00e4ra sig och f\u00e5 inspiration genom smartare interaktion utan digitala gr\u00e4nser. Med NUITEQs l\u00e4ttanv\u00e4nda digitala verktyg f\u00f6r samarbete drar kunder och anv\u00e4ndare nytta av f\u00f6rb\u00e4ttrad kreativitet, engagemang och resultat. F\u00f6retagets prisbel\u00f6nta programvara anv\u00e4nds av kunder i \u00f6ver 70 l\u00e4nder.<\/p>\n\n\n\n<p>F\u00f6r mer information, bes\u00f6k <a href=\"https:\/\/www.nuiteq.com.\" target=\"_blank\" rel=\"noreferrer noopener\">www.nuiteq.com.<\/a><\/p>\n\n\n\n<h2 class=\"wp-block-heading\"><strong>Om Cleura<\/strong><\/h2>\n\n\n\n<p>Cleura, det europeiska molnet, erbjuder digitala infrastrukturtj\u00e4nster med full automation f\u00f6r organisationer som vill kunna innovera utan att tumma p\u00e5 dataskyddet. Genom att leverera s\u00e4ker digital infrastruktur byggd p\u00e5 \u00f6ppen k\u00e4llkod och med inbyggd regelefterlevnad, erbjuder Cleura en h\u00e5llbar plattform f\u00f6r innovation och ger samtidigt anv\u00e4ndarna kontroll \u00f6ver sin data. Cleura \u00e4r en del av Iver och har sitt huvudkontor i Sverige. F\u00f6retagets molntj\u00e4nster \u00e4r tillg\u00e4ngliga \u00f6ver hela v\u00e4rlden. F\u00f6r mer information, bes\u00f6k g\u00e4rna&nbsp;<a href=\"https:\/\/www.cleura.com\/\" target=\"_blank\" rel=\"noreferrer noopener\">www.cleura.com<\/a>.<\/p>\n\n\n\n<p><strong>F\u00f6r mer information, v\u00e4nligen kontakta:<\/strong><\/p>\n\n\n\n<p>Presskontakt Ulrika Leufstedt Holmqvist &#8211; Marketing Officer NUITEQ<br>+46 730 41 75 55<br><a href=\"mailto:uh@nuiteq.com\">uh@nuiteq.com<\/a><\/p>\n\n\n\n<p>Johan Christenson, grundare av Cleura och VP Innovation<br>+46 733 31 21 36<br><a href=\"mailto:johan.christenson@cleura.com\">johan.christenson@cleura.com<\/a><\/p>\n","protected":false},"excerpt":{"rendered":"<p>Det europeiska molnf\u00f6retaget Cleura meddelar idag att den svenska programvaruleverant\u00f6ren f\u00f6r enklare digitala samarbeten, NUITEQ, har valt att leverera sin tj\u00e4nst fr\u00e5n Cleuras digitala infrastruktur med inbyggd regelefterlevnad.&nbsp; NUITEQ skapar l\u00f6sningar som g\u00f6r det l\u00e4ttare f\u00f6r myndigheter, organisationer och f\u00f6retag att samarbeta digitalt. F\u00f6retagets tj\u00e4nst f\u00f6r digitala m\u00f6ten, NUITEQ Stage, rekommenderades nyligen som m\u00f6testj\u00e4nst av eSamverkan-gruppen i deras kartl\u00e4ggning om &#8230; <\/p>\n<div><a href=\"https:\/\/cleura.com\/sv\/pressmeddelanden\/cleura-och-nuiteqs-samarbete-utokar-utbudet-av-lagliga-digitala-motesalternativ-till-offentliga-sverige\/\" class=\"more-link\">Read More<\/a><\/div>\n","protected":false},"author":3,"featured_media":9888,"comment_status":"closed","ping_status":"open","sticky":false,"template":"","format":"standard","meta":{"footnotes":""},"categories":[386],"tags":[559,451,408,538,402],"class_list":["post-9889","post","type-post","status-publish","format-standard","has-post-thumbnail","hentry","category-pressmeddelanden","tag-compliance-sv-2","tag-compliant-cloud-sv","tag-digitalt-samarbetsverktyg","tag-nuiteq-2","tag-regelefterlevnad"],"yoast_head":"<!-- This site is optimized with the Yoast SEO Premium plugin v27.3 (Yoast SEO v27.3) - https:\/\/yoast.com\/product\/yoast-seo-premium-wordpress\/ -->\n<title>Cleura och NUITEQs samarbete ut\u00f6kar utbudet av lagliga digitala m\u00f6tesalternativ till offentliga Sverige - Cleura<\/title>\n<meta name=\"robots\" content=\"index, follow, max-snippet:-1, max-image-preview:large, max-video-preview:-1\" \/>\n<link rel=\"canonical\" href=\"https:\/\/cleura.com\/sv\/pressmeddelanden\/cleura-och-nuiteqs-samarbete-utokar-utbudet-av-lagliga-digitala-motesalternativ-till-offentliga-sverige\/\" \/>\n<meta property=\"og:locale\" content=\"sv_SE\" \/>\n<meta property=\"og:type\" content=\"article\" \/>\n<meta property=\"og:title\" content=\"Cleura och NUITEQs samarbete ut\u00f6kar utbudet av lagliga digitala m\u00f6tesalternativ till offentliga Sverige\" \/>\n<meta property=\"og:description\" content=\"Det europeiska molnf\u00f6retaget Cleura meddelar idag att den svenska programvaruleverant\u00f6ren f\u00f6r enklare digitala samarbeten, NUITEQ, har valt att leverera sin tj\u00e4nst fr\u00e5n Cleuras digitala infrastruktur med inbyggd regelefterlevnad.&nbsp; NUITEQ skapar l\u00f6sningar som g\u00f6r det l\u00e4ttare f\u00f6r myndigheter, organisationer och f\u00f6retag att samarbeta digitalt. F\u00f6retagets tj\u00e4nst f\u00f6r digitala m\u00f6ten, NUITEQ Stage, rekommenderades nyligen som m\u00f6testj\u00e4nst av eSamverkan-gruppen i deras kartl\u00e4ggning om ... Read More\" \/>\n<meta property=\"og:url\" content=\"https:\/\/cleura.com\/sv\/pressmeddelanden\/cleura-och-nuiteqs-samarbete-utokar-utbudet-av-lagliga-digitala-motesalternativ-till-offentliga-sverige\/\" \/>\n<meta property=\"og:site_name\" content=\"Cleura\" \/>\n<meta property=\"article:publisher\" content=\"https:\/\/www.facebook.com\/CleuraCloud\" \/>\n<meta property=\"article:author\" content=\"https:\/\/facebook.com\/cleuracloud\" \/>\n<meta property=\"article:published_time\" content=\"2022-08-25T06:00:00+00:00\" \/>\n<meta property=\"article:modified_time\" content=\"2025-06-04T08:09:44+00:00\" \/>\n<meta property=\"og:image\" content=\"https:\/\/cleura.com\/wp-content\/uploads\/2022\/08\/Person-working-on-iPad_tablet-in-front-of-big-screen-with-somebody-interacting-with-the-big-screen.jpg\" \/>\n\t<meta property=\"og:image:width\" content=\"1675\" \/>\n\t<meta property=\"og:image:height\" content=\"942\" \/>\n\t<meta property=\"og:image:type\" content=\"image\/jpeg\" \/>\n<meta name=\"author\" content=\"Cleura\" \/>\n<meta name=\"twitter:card\" content=\"summary_large_image\" \/>\n<meta name=\"twitter:creator\" content=\"@CleuraCloud\" \/>\n<meta name=\"twitter:site\" content=\"@cleuracloud\" \/>\n<meta name=\"twitter:label1\" content=\"Skriven av\" \/>\n\t<meta name=\"twitter:data1\" content=\"Cleura\" \/>\n\t<meta name=\"twitter:label2\" content=\"Ber\u00e4knad l\u00e4stid\" \/>\n\t<meta name=\"twitter:data2\" content=\"4 minuter\" \/>\n<script type=\"application\/ld+json\" class=\"yoast-schema-graph\">{\"@context\":\"https:\\\/\\\/schema.org\",\"@graph\":[{\"@type\":\"NewsArticle\",\"@id\":\"https:\\\/\\\/cleura.com\\\/sv\\\/pressmeddelanden\\\/cleura-och-nuiteqs-samarbete-utokar-utbudet-av-lagliga-digitala-motesalternativ-till-offentliga-sverige\\\/#article\",\"isPartOf\":{\"@id\":\"https:\\\/\\\/cleura.com\\\/sv\\\/pressmeddelanden\\\/cleura-och-nuiteqs-samarbete-utokar-utbudet-av-lagliga-digitala-motesalternativ-till-offentliga-sverige\\\/\"},\"author\":{\"name\":\"Cleura\",\"@id\":\"https:\\\/\\\/cleura.com\\\/sv\\\/#\\\/schema\\\/person\\\/c02ccda0378455814e140519eb26e4fb\"},\"headline\":\"Cleura och NUITEQs samarbete ut\u00f6kar utbudet av lagliga digitala m\u00f6tesalternativ till offentliga Sverige\",\"datePublished\":\"2022-08-25T06:00:00+00:00\",\"dateModified\":\"2025-06-04T08:09:44+00:00\",\"mainEntityOfPage\":{\"@id\":\"https:\\\/\\\/cleura.com\\\/sv\\\/pressmeddelanden\\\/cleura-och-nuiteqs-samarbete-utokar-utbudet-av-lagliga-digitala-motesalternativ-till-offentliga-sverige\\\/\"},\"wordCount\":813,\"publisher\":{\"@id\":\"https:\\\/\\\/cleura.com\\\/sv\\\/#organization\"},\"image\":{\"@id\":\"https:\\\/\\\/cleura.com\\\/sv\\\/pressmeddelanden\\\/cleura-och-nuiteqs-samarbete-utokar-utbudet-av-lagliga-digitala-motesalternativ-till-offentliga-sverige\\\/#primaryimage\"},\"thumbnailUrl\":\"https:\\\/\\\/cleura.com\\\/wp-content\\\/uploads\\\/2022\\\/08\\\/Person-working-on-iPad_tablet-in-front-of-big-screen-with-somebody-interacting-with-the-big-screen.jpg\",\"keywords\":[\"Compliance\",\"Compliant cloud\",\"Digitalt samarbetsverktyg\",\"Nuiteq\",\"Regelefterlevnad\"],\"articleSection\":[\"Pressmeddelanden\"],\"inLanguage\":\"sv-SE\"},{\"@type\":\"WebPage\",\"@id\":\"https:\\\/\\\/cleura.com\\\/sv\\\/pressmeddelanden\\\/cleura-och-nuiteqs-samarbete-utokar-utbudet-av-lagliga-digitala-motesalternativ-till-offentliga-sverige\\\/\",\"url\":\"https:\\\/\\\/cleura.com\\\/sv\\\/pressmeddelanden\\\/cleura-och-nuiteqs-samarbete-utokar-utbudet-av-lagliga-digitala-motesalternativ-till-offentliga-sverige\\\/\",\"name\":\"Cleura och NUITEQs samarbete ut\u00f6kar utbudet av lagliga digitala m\u00f6tesalternativ till offentliga Sverige - Cleura\",\"isPartOf\":{\"@id\":\"https:\\\/\\\/cleura.com\\\/sv\\\/#website\"},\"primaryImageOfPage\":{\"@id\":\"https:\\\/\\\/cleura.com\\\/sv\\\/pressmeddelanden\\\/cleura-och-nuiteqs-samarbete-utokar-utbudet-av-lagliga-digitala-motesalternativ-till-offentliga-sverige\\\/#primaryimage\"},\"image\":{\"@id\":\"https:\\\/\\\/cleura.com\\\/sv\\\/pressmeddelanden\\\/cleura-och-nuiteqs-samarbete-utokar-utbudet-av-lagliga-digitala-motesalternativ-till-offentliga-sverige\\\/#primaryimage\"},\"thumbnailUrl\":\"https:\\\/\\\/cleura.com\\\/wp-content\\\/uploads\\\/2022\\\/08\\\/Person-working-on-iPad_tablet-in-front-of-big-screen-with-somebody-interacting-with-the-big-screen.jpg\",\"datePublished\":\"2022-08-25T06:00:00+00:00\",\"dateModified\":\"2025-06-04T08:09:44+00:00\",\"breadcrumb\":{\"@id\":\"https:\\\/\\\/cleura.com\\\/sv\\\/pressmeddelanden\\\/cleura-och-nuiteqs-samarbete-utokar-utbudet-av-lagliga-digitala-motesalternativ-till-offentliga-sverige\\\/#breadcrumb\"},\"inLanguage\":\"sv-SE\",\"potentialAction\":[{\"@type\":\"ReadAction\",\"target\":[\"https:\\\/\\\/cleura.com\\\/sv\\\/pressmeddelanden\\\/cleura-och-nuiteqs-samarbete-utokar-utbudet-av-lagliga-digitala-motesalternativ-till-offentliga-sverige\\\/\"]}]},{\"@type\":\"ImageObject\",\"inLanguage\":\"sv-SE\",\"@id\":\"https:\\\/\\\/cleura.com\\\/sv\\\/pressmeddelanden\\\/cleura-och-nuiteqs-samarbete-utokar-utbudet-av-lagliga-digitala-motesalternativ-till-offentliga-sverige\\\/#primaryimage\",\"url\":\"https:\\\/\\\/cleura.com\\\/wp-content\\\/uploads\\\/2022\\\/08\\\/Person-working-on-iPad_tablet-in-front-of-big-screen-with-somebody-interacting-with-the-big-screen.jpg\",\"contentUrl\":\"https:\\\/\\\/cleura.com\\\/wp-content\\\/uploads\\\/2022\\\/08\\\/Person-working-on-iPad_tablet-in-front-of-big-screen-with-somebody-interacting-with-the-big-screen.jpg\",\"width\":1675,\"height\":942},{\"@type\":\"BreadcrumbList\",\"@id\":\"https:\\\/\\\/cleura.com\\\/sv\\\/pressmeddelanden\\\/cleura-och-nuiteqs-samarbete-utokar-utbudet-av-lagliga-digitala-motesalternativ-till-offentliga-sverige\\\/#breadcrumb\",\"itemListElement\":[{\"@type\":\"ListItem\",\"position\":1,\"name\":\"Hem\",\"item\":\"https:\\\/\\\/cleura.com\\\/sv\\\/cleura-det-europeiska-molnet\\\/\"},{\"@type\":\"ListItem\",\"position\":2,\"name\":\"Cleura och NUITEQs samarbete ut\u00f6kar utbudet av lagliga digitala m\u00f6tesalternativ till offentliga Sverige\"}]},{\"@type\":\"WebSite\",\"@id\":\"https:\\\/\\\/cleura.com\\\/sv\\\/#website\",\"url\":\"https:\\\/\\\/cleura.com\\\/sv\\\/\",\"name\":\"Cleura\",\"description\":\"Freedom to innovate\",\"publisher\":{\"@id\":\"https:\\\/\\\/cleura.com\\\/sv\\\/#organization\"},\"potentialAction\":[{\"@type\":\"SearchAction\",\"target\":{\"@type\":\"EntryPoint\",\"urlTemplate\":\"https:\\\/\\\/cleura.com\\\/sv\\\/?s={search_term_string}\"},\"query-input\":{\"@type\":\"PropertyValueSpecification\",\"valueRequired\":true,\"valueName\":\"search_term_string\"}}],\"inLanguage\":\"sv-SE\"},{\"@type\":\"Organization\",\"@id\":\"https:\\\/\\\/cleura.com\\\/sv\\\/#organization\",\"name\":\"Cleura\",\"url\":\"https:\\\/\\\/cleura.com\\\/sv\\\/\",\"logo\":{\"@type\":\"ImageObject\",\"inLanguage\":\"sv-SE\",\"@id\":\"https:\\\/\\\/cleura.com\\\/sv\\\/#\\\/schema\\\/logo\\\/image\\\/\",\"url\":\"https:\\\/\\\/cleura.com\\\/wp-content\\\/uploads\\\/2022\\\/04\\\/Cleura-Logotyp-Svart.png\",\"contentUrl\":\"https:\\\/\\\/cleura.com\\\/wp-content\\\/uploads\\\/2022\\\/04\\\/Cleura-Logotyp-Svart.png\",\"width\":1000,\"height\":237,\"caption\":\"Cleura\"},\"image\":{\"@id\":\"https:\\\/\\\/cleura.com\\\/sv\\\/#\\\/schema\\\/logo\\\/image\\\/\"},\"sameAs\":[\"https:\\\/\\\/www.facebook.com\\\/CleuraCloud\",\"https:\\\/\\\/x.com\\\/cleuracloud\",\"https:\\\/\\\/www.linkedin.com\\\/company\\\/cleura\",\"https:\\\/\\\/www.youtube.com\\\/c\\\/Cleura\"]},{\"@type\":\"Person\",\"@id\":\"https:\\\/\\\/cleura.com\\\/sv\\\/#\\\/schema\\\/person\\\/c02ccda0378455814e140519eb26e4fb\",\"name\":\"Cleura\",\"image\":{\"@type\":\"ImageObject\",\"inLanguage\":\"sv-SE\",\"@id\":\"https:\\\/\\\/secure.gravatar.com\\\/avatar\\\/b643d8e0c7f8c9cf15e9192d7d3cbca191e67ccdf72dcd8ea29f4eb330b108e2?s=96&d=mm&r=g\",\"url\":\"https:\\\/\\\/secure.gravatar.com\\\/avatar\\\/b643d8e0c7f8c9cf15e9192d7d3cbca191e67ccdf72dcd8ea29f4eb330b108e2?s=96&d=mm&r=g\",\"contentUrl\":\"https:\\\/\\\/secure.gravatar.com\\\/avatar\\\/b643d8e0c7f8c9cf15e9192d7d3cbca191e67ccdf72dcd8ea29f4eb330b108e2?s=96&d=mm&r=g\",\"caption\":\"Cleura\"},\"description\":\"Cleura is the European cloud, offering fully automated digital infrastructure services for companies that want to innovate without sacrificing data privacy. By delivering compliant and secure infrastructure technology built on open-source, Cleura provides organizations with a sustainable foundation for innovation with complete control over their data. As a part of Iver, Cleura is headquartered in Sweden with cloud zones across the world. Cleura is an Iver company.\",\"sameAs\":[\"https:\\\/\\\/cleura.com\",\"https:\\\/\\\/facebook.com\\\/cleuracloud\",\"https:\\\/\\\/www.linkedin.com\\\/company\\\/cleura\\\/\",\"https:\\\/\\\/x.com\\\/CleuraCloud\",\"https:\\\/\\\/www.youtube.com\\\/c\\\/Cleura\"]}]}<\/script>\n<!-- \/ Yoast SEO Premium plugin. -->","yoast_head_json":{"title":"Cleura och NUITEQs samarbete ut\u00f6kar utbudet av lagliga digitala m\u00f6tesalternativ till offentliga Sverige - Cleura","robots":{"index":"index","follow":"follow","max-snippet":"max-snippet:-1","max-image-preview":"max-image-preview:large","max-video-preview":"max-video-preview:-1"},"canonical":"https:\/\/cleura.com\/sv\/pressmeddelanden\/cleura-och-nuiteqs-samarbete-utokar-utbudet-av-lagliga-digitala-motesalternativ-till-offentliga-sverige\/","og_locale":"sv_SE","og_type":"article","og_title":"Cleura och NUITEQs samarbete ut\u00f6kar utbudet av lagliga digitala m\u00f6tesalternativ till offentliga Sverige","og_description":"Det europeiska molnf\u00f6retaget Cleura meddelar idag att den svenska programvaruleverant\u00f6ren f\u00f6r enklare digitala samarbeten, NUITEQ, har valt att leverera sin tj\u00e4nst fr\u00e5n Cleuras digitala infrastruktur med inbyggd regelefterlevnad.&nbsp; NUITEQ skapar l\u00f6sningar som g\u00f6r det l\u00e4ttare f\u00f6r myndigheter, organisationer och f\u00f6retag att samarbeta digitalt. F\u00f6retagets tj\u00e4nst f\u00f6r digitala m\u00f6ten, NUITEQ Stage, rekommenderades nyligen som m\u00f6testj\u00e4nst av eSamverkan-gruppen i deras kartl\u00e4ggning om ... Read More","og_url":"https:\/\/cleura.com\/sv\/pressmeddelanden\/cleura-och-nuiteqs-samarbete-utokar-utbudet-av-lagliga-digitala-motesalternativ-till-offentliga-sverige\/","og_site_name":"Cleura","article_publisher":"https:\/\/www.facebook.com\/CleuraCloud","article_author":"https:\/\/facebook.com\/cleuracloud","article_published_time":"2022-08-25T06:00:00+00:00","article_modified_time":"2025-06-04T08:09:44+00:00","og_image":[{"width":1675,"height":942,"url":"https:\/\/cleura.com\/wp-content\/uploads\/2022\/08\/Person-working-on-iPad_tablet-in-front-of-big-screen-with-somebody-interacting-with-the-big-screen.jpg","type":"image\/jpeg"}],"author":"Cleura","twitter_card":"summary_large_image","twitter_creator":"@CleuraCloud","twitter_site":"@cleuracloud","twitter_misc":{"Skriven av":"Cleura","Ber\u00e4knad l\u00e4stid":"4 minuter"},"schema":{"@context":"https:\/\/schema.org","@graph":[{"@type":"NewsArticle","@id":"https:\/\/cleura.com\/sv\/pressmeddelanden\/cleura-och-nuiteqs-samarbete-utokar-utbudet-av-lagliga-digitala-motesalternativ-till-offentliga-sverige\/#article","isPartOf":{"@id":"https:\/\/cleura.com\/sv\/pressmeddelanden\/cleura-och-nuiteqs-samarbete-utokar-utbudet-av-lagliga-digitala-motesalternativ-till-offentliga-sverige\/"},"author":{"name":"Cleura","@id":"https:\/\/cleura.com\/sv\/#\/schema\/person\/c02ccda0378455814e140519eb26e4fb"},"headline":"Cleura och NUITEQs samarbete ut\u00f6kar utbudet av lagliga digitala m\u00f6tesalternativ till offentliga Sverige","datePublished":"2022-08-25T06:00:00+00:00","dateModified":"2025-06-04T08:09:44+00:00","mainEntityOfPage":{"@id":"https:\/\/cleura.com\/sv\/pressmeddelanden\/cleura-och-nuiteqs-samarbete-utokar-utbudet-av-lagliga-digitala-motesalternativ-till-offentliga-sverige\/"},"wordCount":813,"publisher":{"@id":"https:\/\/cleura.com\/sv\/#organization"},"image":{"@id":"https:\/\/cleura.com\/sv\/pressmeddelanden\/cleura-och-nuiteqs-samarbete-utokar-utbudet-av-lagliga-digitala-motesalternativ-till-offentliga-sverige\/#primaryimage"},"thumbnailUrl":"https:\/\/cleura.com\/wp-content\/uploads\/2022\/08\/Person-working-on-iPad_tablet-in-front-of-big-screen-with-somebody-interacting-with-the-big-screen.jpg","keywords":["Compliance","Compliant cloud","Digitalt samarbetsverktyg","Nuiteq","Regelefterlevnad"],"articleSection":["Pressmeddelanden"],"inLanguage":"sv-SE"},{"@type":"WebPage","@id":"https:\/\/cleura.com\/sv\/pressmeddelanden\/cleura-och-nuiteqs-samarbete-utokar-utbudet-av-lagliga-digitala-motesalternativ-till-offentliga-sverige\/","url":"https:\/\/cleura.com\/sv\/pressmeddelanden\/cleura-och-nuiteqs-samarbete-utokar-utbudet-av-lagliga-digitala-motesalternativ-till-offentliga-sverige\/","name":"Cleura och NUITEQs samarbete ut\u00f6kar utbudet av lagliga digitala m\u00f6tesalternativ till offentliga Sverige - Cleura","isPartOf":{"@id":"https:\/\/cleura.com\/sv\/#website"},"primaryImageOfPage":{"@id":"https:\/\/cleura.com\/sv\/pressmeddelanden\/cleura-och-nuiteqs-samarbete-utokar-utbudet-av-lagliga-digitala-motesalternativ-till-offentliga-sverige\/#primaryimage"},"image":{"@id":"https:\/\/cleura.com\/sv\/pressmeddelanden\/cleura-och-nuiteqs-samarbete-utokar-utbudet-av-lagliga-digitala-motesalternativ-till-offentliga-sverige\/#primaryimage"},"thumbnailUrl":"https:\/\/cleura.com\/wp-content\/uploads\/2022\/08\/Person-working-on-iPad_tablet-in-front-of-big-screen-with-somebody-interacting-with-the-big-screen.jpg","datePublished":"2022-08-25T06:00:00+00:00","dateModified":"2025-06-04T08:09:44+00:00","breadcrumb":{"@id":"https:\/\/cleura.com\/sv\/pressmeddelanden\/cleura-och-nuiteqs-samarbete-utokar-utbudet-av-lagliga-digitala-motesalternativ-till-offentliga-sverige\/#breadcrumb"},"inLanguage":"sv-SE","potentialAction":[{"@type":"ReadAction","target":["https:\/\/cleura.com\/sv\/pressmeddelanden\/cleura-och-nuiteqs-samarbete-utokar-utbudet-av-lagliga-digitala-motesalternativ-till-offentliga-sverige\/"]}]},{"@type":"ImageObject","inLanguage":"sv-SE","@id":"https:\/\/cleura.com\/sv\/pressmeddelanden\/cleura-och-nuiteqs-samarbete-utokar-utbudet-av-lagliga-digitala-motesalternativ-till-offentliga-sverige\/#primaryimage","url":"https:\/\/cleura.com\/wp-content\/uploads\/2022\/08\/Person-working-on-iPad_tablet-in-front-of-big-screen-with-somebody-interacting-with-the-big-screen.jpg","contentUrl":"https:\/\/cleura.com\/wp-content\/uploads\/2022\/08\/Person-working-on-iPad_tablet-in-front-of-big-screen-with-somebody-interacting-with-the-big-screen.jpg","width":1675,"height":942},{"@type":"BreadcrumbList","@id":"https:\/\/cleura.com\/sv\/pressmeddelanden\/cleura-och-nuiteqs-samarbete-utokar-utbudet-av-lagliga-digitala-motesalternativ-till-offentliga-sverige\/#breadcrumb","itemListElement":[{"@type":"ListItem","position":1,"name":"Hem","item":"https:\/\/cleura.com\/sv\/cleura-det-europeiska-molnet\/"},{"@type":"ListItem","position":2,"name":"Cleura och NUITEQs samarbete ut\u00f6kar utbudet av lagliga digitala m\u00f6tesalternativ till offentliga Sverige"}]},{"@type":"WebSite","@id":"https:\/\/cleura.com\/sv\/#website","url":"https:\/\/cleura.com\/sv\/","name":"Cleura","description":"Freedom to innovate","publisher":{"@id":"https:\/\/cleura.com\/sv\/#organization"},"potentialAction":[{"@type":"SearchAction","target":{"@type":"EntryPoint","urlTemplate":"https:\/\/cleura.com\/sv\/?s={search_term_string}"},"query-input":{"@type":"PropertyValueSpecification","valueRequired":true,"valueName":"search_term_string"}}],"inLanguage":"sv-SE"},{"@type":"Organization","@id":"https:\/\/cleura.com\/sv\/#organization","name":"Cleura","url":"https:\/\/cleura.com\/sv\/","logo":{"@type":"ImageObject","inLanguage":"sv-SE","@id":"https:\/\/cleura.com\/sv\/#\/schema\/logo\/image\/","url":"https:\/\/cleura.com\/wp-content\/uploads\/2022\/04\/Cleura-Logotyp-Svart.png","contentUrl":"https:\/\/cleura.com\/wp-content\/uploads\/2022\/04\/Cleura-Logotyp-Svart.png","width":1000,"height":237,"caption":"Cleura"},"image":{"@id":"https:\/\/cleura.com\/sv\/#\/schema\/logo\/image\/"},"sameAs":["https:\/\/www.facebook.com\/CleuraCloud","https:\/\/x.com\/cleuracloud","https:\/\/www.linkedin.com\/company\/cleura","https:\/\/www.youtube.com\/c\/Cleura"]},{"@type":"Person","@id":"https:\/\/cleura.com\/sv\/#\/schema\/person\/c02ccda0378455814e140519eb26e4fb","name":"Cleura","image":{"@type":"ImageObject","inLanguage":"sv-SE","@id":"https:\/\/secure.gravatar.com\/avatar\/b643d8e0c7f8c9cf15e9192d7d3cbca191e67ccdf72dcd8ea29f4eb330b108e2?s=96&d=mm&r=g","url":"https:\/\/secure.gravatar.com\/avatar\/b643d8e0c7f8c9cf15e9192d7d3cbca191e67ccdf72dcd8ea29f4eb330b108e2?s=96&d=mm&r=g","contentUrl":"https:\/\/secure.gravatar.com\/avatar\/b643d8e0c7f8c9cf15e9192d7d3cbca191e67ccdf72dcd8ea29f4eb330b108e2?s=96&d=mm&r=g","caption":"Cleura"},"description":"Cleura is the European cloud, offering fully automated digital infrastructure services for companies that want to innovate without sacrificing data privacy. By delivering compliant and secure infrastructure technology built on open-source, Cleura provides organizations with a sustainable foundation for innovation with complete control over their data. As a part of Iver, Cleura is headquartered in Sweden with cloud zones across the world. Cleura is an Iver company.","sameAs":["https:\/\/cleura.com","https:\/\/facebook.com\/cleuracloud","https:\/\/www.linkedin.com\/company\/cleura\/","https:\/\/x.com\/CleuraCloud","https:\/\/www.youtube.com\/c\/Cleura"]}]}},"_links":{"self":[{"href":"https:\/\/cleura.com\/sv\/wp-json\/wp\/v2\/posts\/9889","targetHints":{"allow":["GET"]}}],"collection":[{"href":"https:\/\/cleura.com\/sv\/wp-json\/wp\/v2\/posts"}],"about":[{"href":"https:\/\/cleura.com\/sv\/wp-json\/wp\/v2\/types\/post"}],"author":[{"embeddable":true,"href":"https:\/\/cleura.com\/sv\/wp-json\/wp\/v2\/users\/3"}],"replies":[{"embeddable":true,"href":"https:\/\/cleura.com\/sv\/wp-json\/wp\/v2\/comments?post=9889"}],"version-history":[{"count":6,"href":"https:\/\/cleura.com\/sv\/wp-json\/wp\/v2\/posts\/9889\/revisions"}],"predecessor-version":[{"id":24902,"href":"https:\/\/cleura.com\/sv\/wp-json\/wp\/v2\/posts\/9889\/revisions\/24902"}],"wp:featuredmedia":[{"embeddable":true,"href":"https:\/\/cleura.com\/sv\/wp-json\/wp\/v2\/media\/9888"}],"wp:attachment":[{"href":"https:\/\/cleura.com\/sv\/wp-json\/wp\/v2\/media?parent=9889"}],"wp:term":[{"taxonomy":"category","embeddable":true,"href":"https:\/\/cleura.com\/sv\/wp-json\/wp\/v2\/categories?post=9889"},{"taxonomy":"post_tag","embeddable":true,"href":"https:\/\/cleura.com\/sv\/wp-json\/wp\/v2\/tags?post=9889"}],"curies":[{"name":"wp","href":"https:\/\/api.w.org\/{rel}","templated":true}]}}